
{"id":3005,"date":"2015-03-11T20:14:07","date_gmt":"2015-03-11T19:14:07","guid":{"rendered":"http:\/\/dravillanueva.com\/medicina-estetica\/?p=3005"},"modified":"2023-04-24T21:17:06","modified_gmt":"2023-04-24T19:17:06","slug":"la-prevencion-es-tambien-clave-en-medicina-estetica","status":"publish","type":"post","link":"https:\/\/dravillanueva.com\/medicina-estetica\/la-prevencion-es-tambien-clave-en-medicina-estetica\/","title":{"rendered":"La prevenci\u00f3n es tambi\u00e9n clave en Medicina Est\u00e9tica"},"content":{"rendered":"<p><em>No hace falta tener muchas arrugas para notar que nuestro rostro pierde juventud. Ni siquiera tener muchos a<\/em><em>\u00f1os, puesto que personas relativamente j<\/em><em>\u00f3venes tambi<\/em><em>\u00e9n pueden presentar signos de envejecimiento. El estr<\/em><em>\u00e9s, el estilo de vida, la exposici<\/em><em>\u00f3n al sol, los h<\/em><em>\u00e1bitos alimentarios y la gen<\/em><em>\u00e9tica dejan huella en nosotros, lo que, junto con el paso del tiempo, da como resultado la aparici<\/em><em>\u00f3n de las arrugas, la p<\/em><em>\u00e9rdida de tono de la piel y, en mayor o menor medida, la flaccidez y el descolgamiento.<\/em><\/p>\n<p>&nbsp;<\/p>\n<p>&nbsp;<\/p>\n<p><em><a href=\"http:\/\/dravillanueva.com\/medicina-estetica\/wp-content\/uploads\/Barcelona-Divina-16-interior.jpg\" target=\"_blank\" rel=\"noopener\"><img loading=\"lazy\" decoding=\"async\" class=\"alignleft wp-image-9912 size-medium\" title=\"Barcelona-Divina-16-interior\" src=\"http:\/\/dravillanueva.com\/medicina-estetica\/wp-content\/uploads\/Barcelona-Divina-16-interior-300x192.jpg\" alt=\"Barcelona-Divina-16-interior\" width=\"300\" height=\"192\" srcset=\"https:\/\/dravillanueva.com\/medicina-estetica\/wp-content\/uploads\/Barcelona-Divina-16-interior-300x192.jpg 300w, https:\/\/dravillanueva.com\/medicina-estetica\/wp-content\/uploads\/Barcelona-Divina-16-interior-768x492.jpg 768w, https:\/\/dravillanueva.com\/medicina-estetica\/wp-content\/uploads\/Barcelona-Divina-16-interior-1024x656.jpg 1024w, https:\/\/dravillanueva.com\/medicina-estetica\/wp-content\/uploads\/Barcelona-Divina-16-interior-600x385.jpg 600w, https:\/\/dravillanueva.com\/medicina-estetica\/wp-content\/uploads\/Barcelona-Divina-16-interior-330x212.jpg 330w, https:\/\/dravillanueva.com\/medicina-estetica\/wp-content\/uploads\/Barcelona-Divina-16-interior.jpg 2000w\" sizes=\"auto, (max-width: 300px) 100vw, 300px\" \/><\/a>Afortunadamente, todo ello tiene remedio: la Medicina Est<\/em><em>\u00e9tica ofrece hoy numerosos tratamientos que, en buenas manos, pueden hacer que recuperes un aspecto m<\/em><em>\u00e1s joven y te sientas mejor con tu edad. Pero no hay que dejarlo pasar: mientras antes empieces, m<\/em><em>\u00e1s gradual ser<\/em><em>\u00e1 el cambio y m<\/em><em>\u00e1s naturales los resultados.<\/em><\/p>\n<p><em>Nos lo explica la Dra. Cristina Villanueva, un referente de buen hacer en Medicina Est<\/em><em>\u00e9tica. Su experiencia, sus conocimientos y su sentido com<\/em><em>\u00fan son la base del <\/em><em>\u00e9xito de su trabajo. \u00a0<\/em><\/p>\n<h3><\/h3>\n<p>&nbsp;<\/p>\n<p>&nbsp;<\/p>\n<h3><strong>En t<\/strong><strong>\u00e9rminos generales <\/strong><strong>\u00bfC<\/strong><strong>\u00f3mo envejece el rostro?<\/strong><\/h3>\n<p>En nuestra cara envejece todo: la piel, la grasa, el hueso\u2026 Con el paso del tiempo va cambiando \u00a0nuestra cara, igual que lo hace nuestro cuerpo. En el rostro algunas zonas adelgazan, como puede ser el p\u00f3mulo, mientras que otras engordan, como la papada. Debe saberse, adem\u00e1s, que los p\u00f3mulos son estrog\u00e9nicos, lo que significa que en periodo de menopausia se pierden m\u00e1s.<\/p>\n<p>La capa superficial de la piel envejece, como envejece la grasa y tambi\u00e9n la musculatura. Los m\u00fasculos que cierran los orificios, esto es, la boca y los ojos, cada vez se hacen m\u00e1s fuertes y eso produce patas de gallo, arrugas verticales y arrugas de expresi\u00f3n. Por su parte, los m\u00fasculos\u00a0 depresores (a favor de la gravedad) tiran hacia abajo, lo que contribuye al descolgamiento de la cara. Con la edad, adem\u00e1s, fabricamos menos col\u00e1geno y elastina, lo que conlleva un debilitamiento de la matriz celular, que se traduce en flaccidez, con la consiguiente p\u00e9rdida de armon\u00eda en el \u00f3valo facial. En general, podemos decir que al envejecer las caras pierden su aspecto triangular y se vuelven m\u00e1s cuadradas.<\/p>\n<p>&nbsp;<\/p>\n<blockquote>\n<h2 style=\"text-align: left;\">Actuando de forma preventiva y gradual es m\u00e1s f\u00e1cil mantener un rostro joven<\/h2>\n<\/blockquote>\n<h3><\/h3>\n<h3><\/h3>\n<h3><strong>\u00bfQu<\/strong><strong>\u00e9 sucede con la grasa facial? <\/strong><strong>\u00bfC<\/strong><strong>\u00f3mo afecta al envejecimiento?<\/strong><\/h3>\n<p>La grasa facial se va perdiendo con el paso de los a\u00f1os, pero adem\u00e1s hay que tener en cuenta que dicha grasa no est\u00e1 dispuesta en bloque, sino que se sujeta al hueso mediante unas estructuras que se denominan ligamentos. Con el tiempo, esos ligamentos se aflojan, pero contin\u00faan sujetando la grasa por zonas. Es por eso que aparecen los surcos, por ejemplo los nasogenianos o las denominadas arrugas de marioneta.<\/p>\n<p>&nbsp;<\/p>\n<h3><strong>Tambi<\/strong><strong>\u00e9n envejece el hueso, dec<\/strong><strong>\u00eda<\/strong><strong>\u2026<\/strong><\/h3>\n<p>S\u00ed, el hueso tambi\u00e9n envejece y, adem\u00e1s, puede presentar osteoporosis. El resultado es que con los a\u00f1os tenemos una piel m\u00e1s grande sobre un cr\u00e1neo m\u00e1s peque\u00f1o, y eso se evidencia en forma de flaccidez. Estructuras como el marco de las cejas, los p\u00f3mulos y la mand\u00edbula disminuyen su volumen y se vuelven m\u00e1s planas, contribuyendo as\u00ed a que se descuelguen los tejidos blandos.<\/p>\n<p>&nbsp;<\/p>\n<h3><strong>\u00bfC<\/strong><strong>\u00f3mo actuar ante la flaccidez? <\/strong><strong>\u00bfQu<\/strong><strong>\u00e9 tratamientos son m<\/strong><strong>\u00e1s efectivos?<\/strong><\/h3>\n<p>Lo primero es reposicionar los tejidos y recuperar el volumen perdido, a trav\u00e9s de tratamientos con \u00e1cido hialur\u00f3nico de alta densidad. Inyect\u00e1ndolo en puntos espec\u00edficos, concretamente en los ligamentos a los que antes me refer\u00eda, conseguimos levantar la cara sin dar aspecto de relleno. Es lo que denominamos lifting sin cirug\u00eda, que act\u00faa sobre ocho puntos situados en la zona<\/p>\n<p>preauricular, en la mand\u00edbula, en el p\u00f3mulo, en la zona malar y el ment\u00f3n. Aunque cada persona es \u00fanica y, por tanto, nuestra experiencia y conocimientos nos dir\u00e1 en cada caso d\u00f3nde debemos tratar.<\/p>\n<p>Otras opciones son los hilos tensores y tratamientos para la estimulaci\u00f3n de la fabricaci\u00f3n de col\u00e1geno: productos que se inyectan en la dermis para que nuestras c\u00e9lulas fabriquen m\u00e1s\u00a0 col\u00e1geno y elastina.<\/p>\n<p>&nbsp;<\/p>\n<h3><strong>\u00bfEl \u00e1cido hialur<\/strong><strong>\u00f3nico y los neuromoduladores<\/strong><strong>\u00a0siguen siendo las dos grandes herramientas antienvejecimiento en Medicina Est<\/strong><strong>\u00e9tica?<\/strong><\/h3>\n<p>S\u00ed, porque combaten los dos grandes signos de envejecimiento, actuando sobre los m\u00fasculos de expresi\u00f3n y los depresores, en el caso de los neuromoduladores; y ante la p\u00e9rdida de volumen, en el caso del \u00e1cido hialur\u00f3nico. Para obtener buenos resultados es fundamental que estos tratamientos est\u00e9n bien indicados y combinarlos cuando sea conveniente.<\/p>\n<p>&nbsp;<\/p>\n<h3><strong>Una piel m<\/strong><strong>\u00e1s bonita es tambi<\/strong><strong>\u00e9n una piel m<\/strong><strong>\u00e1s joven&#8230; <\/strong><strong>\u00bfCu<\/strong><strong>\u00e1les son las opciones para que luzca radiante?<\/strong><\/h3>\n<p>Ofrecen excelentes resultados los tratamientos de bio-revitalizaci\u00f3n, que consisten en inyectar en nuestra piel sustancias (nutritivas, hidratantes como el hialur\u00f3nico, vitaminas\u2026) que no son capaces de penetrar con las cremas. El objetivo de estos tratamientos es conseguir un entorno celular sano, que se reflejar\u00e1 en un aspecto muy mejorado de la piel, un cutis m\u00e1s cuidado, m\u00e1s hidratado y con menos defectos. A todo ello habr\u00eda que unirle, por supuesto, h\u00e1bitos de vida sana.<\/p>\n<p>&nbsp;<\/p>\n<h3><strong>\u00bfAnte el envejecimiento hay que actuar de forma preventiva?<\/strong><\/h3>\n<p>Eso ser\u00eda lo deseable, porque as\u00ed es m\u00e1s f\u00e1cil mantener un rostro joven. Adem\u00e1s, si actuamos cuando aparecen los primeros signos de envejecimiento es posible conseguir muy buenos resultados con poco producto y, por tanto, con menos inversi\u00f3n. Hay que saber ser comedido y realizar los tratamientos con profesionalidad y sentido com\u00fan. Se trata de mantenernos j\u00f3venes para nuestra edad, de vernos bien, de mirarnos al espejo y vernos cuidados, en sinton\u00eda con el resto del cuerpo \u00bfSi vamos al gimnasio a cuidar la l\u00ednea por qu\u00e9 no vamos a tratarnos la cara? Hay que normalizar la Medicina Est\u00e9tica y recurrir a ella cuando sea necesario, por uno mismo y por la imagen que proyectamos a los dem\u00e1s.<\/p>\n<p>&nbsp;<\/p>\n<p>Art\u00edculo publicado en\u00a0<strong>Barcelona Divina<\/strong> n\u00ba 16<\/p>\n<p>&nbsp;<\/p>\n","protected":false},"excerpt":{"rendered":"<p>No hace falta tener muchas arrugas para notar que nuestro rostro pierde juventud. Ni siquiera tener muchos a\u00f1os, puesto que personas relativamente j\u00f3venes tambi\u00e9n pueden presentar signos de envejecimiento. El estr\u00e9s, el estilo de vida, la exposici\u00f3n al sol, los h\u00e1bitos alimentarios y la gen\u00e9tica dejan huella en nosotros, lo que, junto con el paso [&#8230;]\n","protected":false},"author":4,"featured_media":9911,"comment_status":"open","ping_status":"open","sticky":false,"template":"","format":"standard","meta":{"h5ap_radio_sources":[],"footnotes":""},"categories":[77],"tags":[],"class_list":["post-3005","post","type-post","status-publish","format-standard","has-post-thumbnail","hentry","category-prensa"],"yoast_head":"<!-- This site is optimized with the Yoast SEO plugin v27.5 - https:\/\/yoast.com\/product\/yoast-seo-wordpress\/ -->\n<title>La prevenci\u00f3n es tambi\u00e9n clave en Medicina Est\u00e9tica<\/title>\n<meta name=\"description\" content=\"La Medicina Est\u00e9tica ofrece hoy numerosos tratamientos que, en buenas manos, pueden hacer que recuperes un aspecto m\u00e1s joven y te sientas mejor con tu edad.\" \/>\n<meta name=\"robots\" content=\"index, follow, max-snippet:-1, max-image-preview:large, max-video-preview:-1\" \/>\n<link rel=\"canonical\" href=\"https:\/\/dravillanueva.com\/medicina-estetica\/la-prevencion-es-tambien-clave-en-medicina-estetica\/\" \/>\n<meta property=\"og:locale\" content=\"es_ES\" \/>\n<meta property=\"og:type\" content=\"article\" \/>\n<meta property=\"og:title\" content=\"La prevenci\u00f3n es tambi\u00e9n clave en Medicina Est\u00e9tica\" \/>\n<meta property=\"og:description\" content=\"La Medicina Est\u00e9tica ofrece hoy numerosos tratamientos que, en buenas manos, pueden hacer que recuperes un aspecto m\u00e1s joven y te sientas mejor con tu edad.\" \/>\n<meta property=\"og:url\" content=\"https:\/\/dravillanueva.com\/medicina-estetica\/la-prevencion-es-tambien-clave-en-medicina-estetica\/\" \/>\n<meta property=\"og:site_name\" content=\"Dravillanueva.com\" \/>\n<meta property=\"article:published_time\" content=\"2015-03-11T19:14:07+00:00\" \/>\n<meta property=\"article:modified_time\" content=\"2023-04-24T19:17:06+00:00\" \/>\n<meta property=\"og:image\" content=\"https:\/\/dravillanueva.com\/medicina-estetica\/wp-content\/uploads\/portada-16.jpg\" \/>\n\t<meta property=\"og:image:width\" content=\"1400\" \/>\n\t<meta property=\"og:image:height\" content=\"507\" \/>\n\t<meta property=\"og:image:type\" content=\"image\/jpeg\" \/>\n<meta name=\"author\" content=\"DraVillanueva\" \/>\n<meta name=\"twitter:card\" content=\"summary_large_image\" \/>\n<meta name=\"twitter:label1\" content=\"Escrito por\" \/>\n\t<meta name=\"twitter:data1\" content=\"DraVillanueva\" \/>\n\t<meta name=\"twitter:label2\" content=\"Tiempo de lectura\" \/>\n\t<meta name=\"twitter:data2\" content=\"5 minutos\" \/>\n<script type=\"application\/ld+json\" class=\"yoast-schema-graph\">{\"@context\":\"https:\\\/\\\/schema.org\",\"@graph\":[{\"@type\":\"Article\",\"@id\":\"https:\\\/\\\/dravillanueva.com\\\/medicina-estetica\\\/la-prevencion-es-tambien-clave-en-medicina-estetica\\\/#article\",\"isPartOf\":{\"@id\":\"https:\\\/\\\/dravillanueva.com\\\/medicina-estetica\\\/la-prevencion-es-tambien-clave-en-medicina-estetica\\\/\"},\"author\":{\"name\":\"DraVillanueva\",\"@id\":\"https:\\\/\\\/dravillanueva.com\\\/medicina-estetica\\\/#\\\/schema\\\/person\\\/20e8812d42e5ab44742cc792ef5804f3\"},\"headline\":\"La prevenci\u00f3n es tambi\u00e9n clave en Medicina Est\u00e9tica\",\"datePublished\":\"2015-03-11T19:14:07+00:00\",\"dateModified\":\"2023-04-24T19:17:06+00:00\",\"mainEntityOfPage\":{\"@id\":\"https:\\\/\\\/dravillanueva.com\\\/medicina-estetica\\\/la-prevencion-es-tambien-clave-en-medicina-estetica\\\/\"},\"wordCount\":1067,\"commentCount\":0,\"image\":{\"@id\":\"https:\\\/\\\/dravillanueva.com\\\/medicina-estetica\\\/la-prevencion-es-tambien-clave-en-medicina-estetica\\\/#primaryimage\"},\"thumbnailUrl\":\"https:\\\/\\\/dravillanueva.com\\\/medicina-estetica\\\/wp-content\\\/uploads\\\/portada-16.jpg\",\"articleSection\":[\"Prensa\"],\"inLanguage\":\"es\",\"potentialAction\":[{\"@type\":\"CommentAction\",\"name\":\"Comment\",\"target\":[\"https:\\\/\\\/dravillanueva.com\\\/medicina-estetica\\\/la-prevencion-es-tambien-clave-en-medicina-estetica\\\/#respond\"]}]},{\"@type\":\"WebPage\",\"@id\":\"https:\\\/\\\/dravillanueva.com\\\/medicina-estetica\\\/la-prevencion-es-tambien-clave-en-medicina-estetica\\\/\",\"url\":\"https:\\\/\\\/dravillanueva.com\\\/medicina-estetica\\\/la-prevencion-es-tambien-clave-en-medicina-estetica\\\/\",\"name\":\"La prevenci\u00f3n es tambi\u00e9n clave en Medicina Est\u00e9tica\",\"isPartOf\":{\"@id\":\"https:\\\/\\\/dravillanueva.com\\\/medicina-estetica\\\/#website\"},\"primaryImageOfPage\":{\"@id\":\"https:\\\/\\\/dravillanueva.com\\\/medicina-estetica\\\/la-prevencion-es-tambien-clave-en-medicina-estetica\\\/#primaryimage\"},\"image\":{\"@id\":\"https:\\\/\\\/dravillanueva.com\\\/medicina-estetica\\\/la-prevencion-es-tambien-clave-en-medicina-estetica\\\/#primaryimage\"},\"thumbnailUrl\":\"https:\\\/\\\/dravillanueva.com\\\/medicina-estetica\\\/wp-content\\\/uploads\\\/portada-16.jpg\",\"datePublished\":\"2015-03-11T19:14:07+00:00\",\"dateModified\":\"2023-04-24T19:17:06+00:00\",\"author\":{\"@id\":\"https:\\\/\\\/dravillanueva.com\\\/medicina-estetica\\\/#\\\/schema\\\/person\\\/20e8812d42e5ab44742cc792ef5804f3\"},\"description\":\"La Medicina Est\u00e9tica ofrece hoy numerosos tratamientos que, en buenas manos, pueden hacer que recuperes un aspecto m\u00e1s joven y te sientas mejor con tu edad.\",\"breadcrumb\":{\"@id\":\"https:\\\/\\\/dravillanueva.com\\\/medicina-estetica\\\/la-prevencion-es-tambien-clave-en-medicina-estetica\\\/#breadcrumb\"},\"inLanguage\":\"es\",\"potentialAction\":[{\"@type\":\"ReadAction\",\"target\":[\"https:\\\/\\\/dravillanueva.com\\\/medicina-estetica\\\/la-prevencion-es-tambien-clave-en-medicina-estetica\\\/\"]}]},{\"@type\":\"ImageObject\",\"inLanguage\":\"es\",\"@id\":\"https:\\\/\\\/dravillanueva.com\\\/medicina-estetica\\\/la-prevencion-es-tambien-clave-en-medicina-estetica\\\/#primaryimage\",\"url\":\"https:\\\/\\\/dravillanueva.com\\\/medicina-estetica\\\/wp-content\\\/uploads\\\/portada-16.jpg\",\"contentUrl\":\"https:\\\/\\\/dravillanueva.com\\\/medicina-estetica\\\/wp-content\\\/uploads\\\/portada-16.jpg\",\"width\":1400,\"height\":507,\"caption\":\"portada-16\"},{\"@type\":\"BreadcrumbList\",\"@id\":\"https:\\\/\\\/dravillanueva.com\\\/medicina-estetica\\\/la-prevencion-es-tambien-clave-en-medicina-estetica\\\/#breadcrumb\",\"itemListElement\":[{\"@type\":\"ListItem\",\"position\":1,\"name\":\"Portada\",\"item\":\"https:\\\/\\\/dravillanueva.com\\\/medicina-estetica\\\/\"},{\"@type\":\"ListItem\",\"position\":2,\"name\":\"La prevenci\u00f3n es tambi\u00e9n clave en Medicina Est\u00e9tica\"}]},{\"@type\":\"WebSite\",\"@id\":\"https:\\\/\\\/dravillanueva.com\\\/medicina-estetica\\\/#website\",\"url\":\"https:\\\/\\\/dravillanueva.com\\\/medicina-estetica\\\/\",\"name\":\"Dravillanueva.com\",\"description\":\"Especialista en Medicina Est\u00e9tica\",\"potentialAction\":[{\"@type\":\"SearchAction\",\"target\":{\"@type\":\"EntryPoint\",\"urlTemplate\":\"https:\\\/\\\/dravillanueva.com\\\/medicina-estetica\\\/?s={search_term_string}\"},\"query-input\":{\"@type\":\"PropertyValueSpecification\",\"valueRequired\":true,\"valueName\":\"search_term_string\"}}],\"inLanguage\":\"es\"},{\"@type\":\"Person\",\"@id\":\"https:\\\/\\\/dravillanueva.com\\\/medicina-estetica\\\/#\\\/schema\\\/person\\\/20e8812d42e5ab44742cc792ef5804f3\",\"name\":\"DraVillanueva\",\"image\":{\"@type\":\"ImageObject\",\"inLanguage\":\"es\",\"@id\":\"https:\\\/\\\/secure.gravatar.com\\\/avatar\\\/1554bf336e725006bdd1a783c2d2feb8b19e25103edad4c101832ad88c0297e3?s=96&d=mm&r=g\",\"url\":\"https:\\\/\\\/secure.gravatar.com\\\/avatar\\\/1554bf336e725006bdd1a783c2d2feb8b19e25103edad4c101832ad88c0297e3?s=96&d=mm&r=g\",\"contentUrl\":\"https:\\\/\\\/secure.gravatar.com\\\/avatar\\\/1554bf336e725006bdd1a783c2d2feb8b19e25103edad4c101832ad88c0297e3?s=96&d=mm&r=g\",\"caption\":\"DraVillanueva\"},\"url\":\"https:\\\/\\\/dravillanueva.com\\\/medicina-estetica\\\/author\\\/dravillanueva\\\/\"}]}<\/script>\n<!-- \/ Yoast SEO plugin. -->","yoast_head_json":{"title":"La prevenci\u00f3n es tambi\u00e9n clave en Medicina Est\u00e9tica","description":"La Medicina Est\u00e9tica ofrece hoy numerosos tratamientos que, en buenas manos, pueden hacer que recuperes un aspecto m\u00e1s joven y te sientas mejor con tu edad.","robots":{"index":"index","follow":"follow","max-snippet":"max-snippet:-1","max-image-preview":"max-image-preview:large","max-video-preview":"max-video-preview:-1"},"canonical":"https:\/\/dravillanueva.com\/medicina-estetica\/la-prevencion-es-tambien-clave-en-medicina-estetica\/","og_locale":"es_ES","og_type":"article","og_title":"La prevenci\u00f3n es tambi\u00e9n clave en Medicina Est\u00e9tica","og_description":"La Medicina Est\u00e9tica ofrece hoy numerosos tratamientos que, en buenas manos, pueden hacer que recuperes un aspecto m\u00e1s joven y te sientas mejor con tu edad.","og_url":"https:\/\/dravillanueva.com\/medicina-estetica\/la-prevencion-es-tambien-clave-en-medicina-estetica\/","og_site_name":"Dravillanueva.com","article_published_time":"2015-03-11T19:14:07+00:00","article_modified_time":"2023-04-24T19:17:06+00:00","og_image":[{"width":1400,"height":507,"url":"https:\/\/dravillanueva.com\/medicina-estetica\/wp-content\/uploads\/portada-16.jpg","type":"image\/jpeg"}],"author":"DraVillanueva","twitter_card":"summary_large_image","twitter_misc":{"Escrito por":"DraVillanueva","Tiempo de lectura":"5 minutos"},"schema":{"@context":"https:\/\/schema.org","@graph":[{"@type":"Article","@id":"https:\/\/dravillanueva.com\/medicina-estetica\/la-prevencion-es-tambien-clave-en-medicina-estetica\/#article","isPartOf":{"@id":"https:\/\/dravillanueva.com\/medicina-estetica\/la-prevencion-es-tambien-clave-en-medicina-estetica\/"},"author":{"name":"DraVillanueva","@id":"https:\/\/dravillanueva.com\/medicina-estetica\/#\/schema\/person\/20e8812d42e5ab44742cc792ef5804f3"},"headline":"La prevenci\u00f3n es tambi\u00e9n clave en Medicina Est\u00e9tica","datePublished":"2015-03-11T19:14:07+00:00","dateModified":"2023-04-24T19:17:06+00:00","mainEntityOfPage":{"@id":"https:\/\/dravillanueva.com\/medicina-estetica\/la-prevencion-es-tambien-clave-en-medicina-estetica\/"},"wordCount":1067,"commentCount":0,"image":{"@id":"https:\/\/dravillanueva.com\/medicina-estetica\/la-prevencion-es-tambien-clave-en-medicina-estetica\/#primaryimage"},"thumbnailUrl":"https:\/\/dravillanueva.com\/medicina-estetica\/wp-content\/uploads\/portada-16.jpg","articleSection":["Prensa"],"inLanguage":"es","potentialAction":[{"@type":"CommentAction","name":"Comment","target":["https:\/\/dravillanueva.com\/medicina-estetica\/la-prevencion-es-tambien-clave-en-medicina-estetica\/#respond"]}]},{"@type":"WebPage","@id":"https:\/\/dravillanueva.com\/medicina-estetica\/la-prevencion-es-tambien-clave-en-medicina-estetica\/","url":"https:\/\/dravillanueva.com\/medicina-estetica\/la-prevencion-es-tambien-clave-en-medicina-estetica\/","name":"La prevenci\u00f3n es tambi\u00e9n clave en Medicina Est\u00e9tica","isPartOf":{"@id":"https:\/\/dravillanueva.com\/medicina-estetica\/#website"},"primaryImageOfPage":{"@id":"https:\/\/dravillanueva.com\/medicina-estetica\/la-prevencion-es-tambien-clave-en-medicina-estetica\/#primaryimage"},"image":{"@id":"https:\/\/dravillanueva.com\/medicina-estetica\/la-prevencion-es-tambien-clave-en-medicina-estetica\/#primaryimage"},"thumbnailUrl":"https:\/\/dravillanueva.com\/medicina-estetica\/wp-content\/uploads\/portada-16.jpg","datePublished":"2015-03-11T19:14:07+00:00","dateModified":"2023-04-24T19:17:06+00:00","author":{"@id":"https:\/\/dravillanueva.com\/medicina-estetica\/#\/schema\/person\/20e8812d42e5ab44742cc792ef5804f3"},"description":"La Medicina Est\u00e9tica ofrece hoy numerosos tratamientos que, en buenas manos, pueden hacer que recuperes un aspecto m\u00e1s joven y te sientas mejor con tu edad.","breadcrumb":{"@id":"https:\/\/dravillanueva.com\/medicina-estetica\/la-prevencion-es-tambien-clave-en-medicina-estetica\/#breadcrumb"},"inLanguage":"es","potentialAction":[{"@type":"ReadAction","target":["https:\/\/dravillanueva.com\/medicina-estetica\/la-prevencion-es-tambien-clave-en-medicina-estetica\/"]}]},{"@type":"ImageObject","inLanguage":"es","@id":"https:\/\/dravillanueva.com\/medicina-estetica\/la-prevencion-es-tambien-clave-en-medicina-estetica\/#primaryimage","url":"https:\/\/dravillanueva.com\/medicina-estetica\/wp-content\/uploads\/portada-16.jpg","contentUrl":"https:\/\/dravillanueva.com\/medicina-estetica\/wp-content\/uploads\/portada-16.jpg","width":1400,"height":507,"caption":"portada-16"},{"@type":"BreadcrumbList","@id":"https:\/\/dravillanueva.com\/medicina-estetica\/la-prevencion-es-tambien-clave-en-medicina-estetica\/#breadcrumb","itemListElement":[{"@type":"ListItem","position":1,"name":"Portada","item":"https:\/\/dravillanueva.com\/medicina-estetica\/"},{"@type":"ListItem","position":2,"name":"La prevenci\u00f3n es tambi\u00e9n clave en Medicina Est\u00e9tica"}]},{"@type":"WebSite","@id":"https:\/\/dravillanueva.com\/medicina-estetica\/#website","url":"https:\/\/dravillanueva.com\/medicina-estetica\/","name":"Dravillanueva.com","description":"Especialista en Medicina Est\u00e9tica","potentialAction":[{"@type":"SearchAction","target":{"@type":"EntryPoint","urlTemplate":"https:\/\/dravillanueva.com\/medicina-estetica\/?s={search_term_string}"},"query-input":{"@type":"PropertyValueSpecification","valueRequired":true,"valueName":"search_term_string"}}],"inLanguage":"es"},{"@type":"Person","@id":"https:\/\/dravillanueva.com\/medicina-estetica\/#\/schema\/person\/20e8812d42e5ab44742cc792ef5804f3","name":"DraVillanueva","image":{"@type":"ImageObject","inLanguage":"es","@id":"https:\/\/secure.gravatar.com\/avatar\/1554bf336e725006bdd1a783c2d2feb8b19e25103edad4c101832ad88c0297e3?s=96&d=mm&r=g","url":"https:\/\/secure.gravatar.com\/avatar\/1554bf336e725006bdd1a783c2d2feb8b19e25103edad4c101832ad88c0297e3?s=96&d=mm&r=g","contentUrl":"https:\/\/secure.gravatar.com\/avatar\/1554bf336e725006bdd1a783c2d2feb8b19e25103edad4c101832ad88c0297e3?s=96&d=mm&r=g","caption":"DraVillanueva"},"url":"https:\/\/dravillanueva.com\/medicina-estetica\/author\/dravillanueva\/"}]}},"amp_enabled":true,"_links":{"self":[{"href":"https:\/\/dravillanueva.com\/medicina-estetica\/wp-json\/wp\/v2\/posts\/3005","targetHints":{"allow":["GET"]}}],"collection":[{"href":"https:\/\/dravillanueva.com\/medicina-estetica\/wp-json\/wp\/v2\/posts"}],"about":[{"href":"https:\/\/dravillanueva.com\/medicina-estetica\/wp-json\/wp\/v2\/types\/post"}],"author":[{"embeddable":true,"href":"https:\/\/dravillanueva.com\/medicina-estetica\/wp-json\/wp\/v2\/users\/4"}],"replies":[{"embeddable":true,"href":"https:\/\/dravillanueva.com\/medicina-estetica\/wp-json\/wp\/v2\/comments?post=3005"}],"version-history":[{"count":2,"href":"https:\/\/dravillanueva.com\/medicina-estetica\/wp-json\/wp\/v2\/posts\/3005\/revisions"}],"predecessor-version":[{"id":15913,"href":"https:\/\/dravillanueva.com\/medicina-estetica\/wp-json\/wp\/v2\/posts\/3005\/revisions\/15913"}],"wp:featuredmedia":[{"embeddable":true,"href":"https:\/\/dravillanueva.com\/medicina-estetica\/wp-json\/wp\/v2\/media\/9911"}],"wp:attachment":[{"href":"https:\/\/dravillanueva.com\/medicina-estetica\/wp-json\/wp\/v2\/media?parent=3005"}],"wp:term":[{"taxonomy":"category","embeddable":true,"href":"https:\/\/dravillanueva.com\/medicina-estetica\/wp-json\/wp\/v2\/categories?post=3005"},{"taxonomy":"post_tag","embeddable":true,"href":"https:\/\/dravillanueva.com\/medicina-estetica\/wp-json\/wp\/v2\/tags?post=3005"}],"curies":[{"name":"wp","href":"https:\/\/api.w.org\/{rel}","templated":true}]}}