
{"id":16057,"date":"2024-11-03T20:06:20","date_gmt":"2024-11-03T18:06:20","guid":{"rendered":"https:\/\/dravillanueva.com\/medicina-estetica\/?p=16057"},"modified":"2024-11-03T20:07:14","modified_gmt":"2024-11-03T18:07:14","slug":"congreso-en-portugal-parte-1","status":"publish","type":"post","link":"https:\/\/dravillanueva.com\/medicina-estetica\/congreso-en-portugal-parte-1\/","title":{"rendered":"CONGRESO EN PORTUGAL [ PARTE 1 ]"},"content":{"rendered":"[vc_row][vc_column][vc_column_text]Este fin de semana he estado en Portugal, concretamente en Aller de Chao en el <strong>53 Congreso de la Sociedad Portuguesa de Cirug\u00eda pl\u00e1stica reconstructiva e est\u00e9tica<\/strong>.<\/p>\n<p>He ido a dar una charla sobre el <strong>tratamiento de la estructura y contorno de la cara<\/strong> con rellenos de \u00e1cido hialur\u00f3nico y tambi\u00e9n la combinaci\u00f3n de \u00e1cido hialur\u00f3nico con hidroxiapatita c\u00e1lcica.<\/p>\n<p>Dentro de mi ponencia expliqu\u00e9 lo que es la reolog\u00eda de los productos. La reolog\u00eda es la rama de la f\u00edsica que estudia el flujo y la deformaci\u00f3n de los materiales.<\/p>\n<p>La reolog\u00eda del \u00e1cido hialur\u00f3nico que vamos a utilizar para los tratamientos faciales es fundamental para el \u00e9xito de los tratamientos.<\/p>\n<p>La reolog\u00eda nos explica la densidad, la dureza y el comportamiento a la presi\u00f3n del \u00e1cido hialur\u00f3nico. En los productos de la gama Juvederm que utilizamos en nuestra consulta tenemos 5 tipos de \u00e1cidos con diferentes caracter\u00edsticas reol\u00f3gicas, es decir, de elasticidad, capacidad de elevaci\u00f3n, etc. Lo que nos permite personalizar los tratamientos al m\u00e1ximo adaptando el producto no solo a las diferentes zonas que queramos tratar sino tambi\u00e9n a la consistencia de la piel del paciente y a su edad, permitiendo que los tratamientos sean m\u00e1s naturales y que consigamos efecto buena cara pero no efecto de cara tratada.[\/vc_column_text][\/vc_column][\/vc_row]\n","protected":false},"excerpt":{"rendered":"[vc_row][vc_column][vc_column_text]Este fin de semana he estado en Portugal, concretamente en Aller de Chao en el 53 Congreso de la Sociedad Portuguesa de Cirug\u00eda pl\u00e1stica reconstructiva e est\u00e9tica. He ido a dar una charla sobre el tratamiento de la estructura y contorno de la cara con rellenos de \u00e1cido hialur\u00f3nico y tambi\u00e9n la combinaci\u00f3n de \u00e1cido [&#8230;]\n","protected":false},"author":4,"featured_media":16058,"comment_status":"open","ping_status":"open","sticky":false,"template":"","format":"standard","meta":{"h5ap_radio_sources":[],"footnotes":""},"categories":[76],"tags":[],"class_list":["post-16057","post","type-post","status-publish","format-standard","has-post-thumbnail","hentry","category-blog"],"yoast_head":"<!-- This site is optimized with the Yoast SEO plugin v27.5 - https:\/\/yoast.com\/product\/yoast-seo-wordpress\/ -->\n<title>CONGRESO EN PORTUGAL [ PARTE 1 ] - Dravillanueva.com<\/title>\n<meta name=\"robots\" content=\"index, follow, max-snippet:-1, max-image-preview:large, max-video-preview:-1\" \/>\n<link rel=\"canonical\" href=\"https:\/\/dravillanueva.com\/medicina-estetica\/congreso-en-portugal-parte-1\/\" \/>\n<meta property=\"og:locale\" content=\"es_ES\" \/>\n<meta property=\"og:type\" content=\"article\" \/>\n<meta property=\"og:title\" content=\"CONGRESO EN PORTUGAL [ PARTE 1 ] - Dravillanueva.com\" \/>\n<meta property=\"og:description\" content=\"[vc_row][vc_column][vc_column_text]Este fin de semana he estado en Portugal, concretamente en Aller de Chao en el 53 Congreso de la Sociedad Portuguesa de Cirug\u00eda pl\u00e1stica reconstructiva e est\u00e9tica. He ido a dar una charla sobre el tratamiento de la estructura y contorno de la cara con rellenos de \u00e1cido hialur\u00f3nico y tambi\u00e9n la combinaci\u00f3n de \u00e1cido [...]\" \/>\n<meta property=\"og:url\" content=\"https:\/\/dravillanueva.com\/medicina-estetica\/congreso-en-portugal-parte-1\/\" \/>\n<meta property=\"og:site_name\" content=\"Dravillanueva.com\" \/>\n<meta property=\"article:published_time\" content=\"2024-11-03T18:06:20+00:00\" \/>\n<meta property=\"article:modified_time\" content=\"2024-11-03T18:07:14+00:00\" \/>\n<meta property=\"og:image\" content=\"https:\/\/dravillanueva.com\/medicina-estetica\/wp-content\/uploads\/IMG_0911-scaled.jpeg\" \/>\n\t<meta property=\"og:image:width\" content=\"1920\" \/>\n\t<meta property=\"og:image:height\" content=\"2560\" \/>\n\t<meta property=\"og:image:type\" content=\"image\/jpeg\" \/>\n<meta name=\"author\" content=\"DraVillanueva\" \/>\n<meta name=\"twitter:card\" content=\"summary_large_image\" \/>\n<meta name=\"twitter:label1\" content=\"Escrito por\" \/>\n\t<meta name=\"twitter:data1\" content=\"DraVillanueva\" \/>\n\t<meta name=\"twitter:label2\" content=\"Tiempo de lectura\" \/>\n\t<meta name=\"twitter:data2\" content=\"1 minuto\" \/>\n<script type=\"application\/ld+json\" class=\"yoast-schema-graph\">{\"@context\":\"https:\\\/\\\/schema.org\",\"@graph\":[{\"@type\":\"Article\",\"@id\":\"https:\\\/\\\/dravillanueva.com\\\/medicina-estetica\\\/congreso-en-portugal-parte-1\\\/#article\",\"isPartOf\":{\"@id\":\"https:\\\/\\\/dravillanueva.com\\\/medicina-estetica\\\/congreso-en-portugal-parte-1\\\/\"},\"author\":{\"name\":\"DraVillanueva\",\"@id\":\"https:\\\/\\\/dravillanueva.com\\\/medicina-estetica\\\/#\\\/schema\\\/person\\\/20e8812d42e5ab44742cc792ef5804f3\"},\"headline\":\"CONGRESO EN PORTUGAL [ PARTE 1 ]\",\"datePublished\":\"2024-11-03T18:06:20+00:00\",\"dateModified\":\"2024-11-03T18:07:14+00:00\",\"mainEntityOfPage\":{\"@id\":\"https:\\\/\\\/dravillanueva.com\\\/medicina-estetica\\\/congreso-en-portugal-parte-1\\\/\"},\"wordCount\":250,\"commentCount\":0,\"image\":{\"@id\":\"https:\\\/\\\/dravillanueva.com\\\/medicina-estetica\\\/congreso-en-portugal-parte-1\\\/#primaryimage\"},\"thumbnailUrl\":\"https:\\\/\\\/dravillanueva.com\\\/medicina-estetica\\\/wp-content\\\/uploads\\\/IMG_0911-scaled.jpeg\",\"articleSection\":[\"Blog\"],\"inLanguage\":\"es\",\"potentialAction\":[{\"@type\":\"CommentAction\",\"name\":\"Comment\",\"target\":[\"https:\\\/\\\/dravillanueva.com\\\/medicina-estetica\\\/congreso-en-portugal-parte-1\\\/#respond\"]}]},{\"@type\":\"WebPage\",\"@id\":\"https:\\\/\\\/dravillanueva.com\\\/medicina-estetica\\\/congreso-en-portugal-parte-1\\\/\",\"url\":\"https:\\\/\\\/dravillanueva.com\\\/medicina-estetica\\\/congreso-en-portugal-parte-1\\\/\",\"name\":\"CONGRESO EN PORTUGAL [ PARTE 1 ] - Dravillanueva.com\",\"isPartOf\":{\"@id\":\"https:\\\/\\\/dravillanueva.com\\\/medicina-estetica\\\/#website\"},\"primaryImageOfPage\":{\"@id\":\"https:\\\/\\\/dravillanueva.com\\\/medicina-estetica\\\/congreso-en-portugal-parte-1\\\/#primaryimage\"},\"image\":{\"@id\":\"https:\\\/\\\/dravillanueva.com\\\/medicina-estetica\\\/congreso-en-portugal-parte-1\\\/#primaryimage\"},\"thumbnailUrl\":\"https:\\\/\\\/dravillanueva.com\\\/medicina-estetica\\\/wp-content\\\/uploads\\\/IMG_0911-scaled.jpeg\",\"datePublished\":\"2024-11-03T18:06:20+00:00\",\"dateModified\":\"2024-11-03T18:07:14+00:00\",\"author\":{\"@id\":\"https:\\\/\\\/dravillanueva.com\\\/medicina-estetica\\\/#\\\/schema\\\/person\\\/20e8812d42e5ab44742cc792ef5804f3\"},\"breadcrumb\":{\"@id\":\"https:\\\/\\\/dravillanueva.com\\\/medicina-estetica\\\/congreso-en-portugal-parte-1\\\/#breadcrumb\"},\"inLanguage\":\"es\",\"potentialAction\":[{\"@type\":\"ReadAction\",\"target\":[\"https:\\\/\\\/dravillanueva.com\\\/medicina-estetica\\\/congreso-en-portugal-parte-1\\\/\"]}]},{\"@type\":\"ImageObject\",\"inLanguage\":\"es\",\"@id\":\"https:\\\/\\\/dravillanueva.com\\\/medicina-estetica\\\/congreso-en-portugal-parte-1\\\/#primaryimage\",\"url\":\"https:\\\/\\\/dravillanueva.com\\\/medicina-estetica\\\/wp-content\\\/uploads\\\/IMG_0911-scaled.jpeg\",\"contentUrl\":\"https:\\\/\\\/dravillanueva.com\\\/medicina-estetica\\\/wp-content\\\/uploads\\\/IMG_0911-scaled.jpeg\",\"width\":1920,\"height\":2560},{\"@type\":\"BreadcrumbList\",\"@id\":\"https:\\\/\\\/dravillanueva.com\\\/medicina-estetica\\\/congreso-en-portugal-parte-1\\\/#breadcrumb\",\"itemListElement\":[{\"@type\":\"ListItem\",\"position\":1,\"name\":\"Portada\",\"item\":\"https:\\\/\\\/dravillanueva.com\\\/medicina-estetica\\\/\"},{\"@type\":\"ListItem\",\"position\":2,\"name\":\"CONGRESO EN PORTUGAL [ PARTE 1 ]\"}]},{\"@type\":\"WebSite\",\"@id\":\"https:\\\/\\\/dravillanueva.com\\\/medicina-estetica\\\/#website\",\"url\":\"https:\\\/\\\/dravillanueva.com\\\/medicina-estetica\\\/\",\"name\":\"Dravillanueva.com\",\"description\":\"Especialista en Medicina Est\u00e9tica\",\"potentialAction\":[{\"@type\":\"SearchAction\",\"target\":{\"@type\":\"EntryPoint\",\"urlTemplate\":\"https:\\\/\\\/dravillanueva.com\\\/medicina-estetica\\\/?s={search_term_string}\"},\"query-input\":{\"@type\":\"PropertyValueSpecification\",\"valueRequired\":true,\"valueName\":\"search_term_string\"}}],\"inLanguage\":\"es\"},{\"@type\":\"Person\",\"@id\":\"https:\\\/\\\/dravillanueva.com\\\/medicina-estetica\\\/#\\\/schema\\\/person\\\/20e8812d42e5ab44742cc792ef5804f3\",\"name\":\"DraVillanueva\",\"image\":{\"@type\":\"ImageObject\",\"inLanguage\":\"es\",\"@id\":\"https:\\\/\\\/secure.gravatar.com\\\/avatar\\\/1554bf336e725006bdd1a783c2d2feb8b19e25103edad4c101832ad88c0297e3?s=96&d=mm&r=g\",\"url\":\"https:\\\/\\\/secure.gravatar.com\\\/avatar\\\/1554bf336e725006bdd1a783c2d2feb8b19e25103edad4c101832ad88c0297e3?s=96&d=mm&r=g\",\"contentUrl\":\"https:\\\/\\\/secure.gravatar.com\\\/avatar\\\/1554bf336e725006bdd1a783c2d2feb8b19e25103edad4c101832ad88c0297e3?s=96&d=mm&r=g\",\"caption\":\"DraVillanueva\"},\"url\":\"https:\\\/\\\/dravillanueva.com\\\/medicina-estetica\\\/author\\\/dravillanueva\\\/\"}]}<\/script>\n<!-- \/ Yoast SEO plugin. -->","yoast_head_json":{"title":"CONGRESO EN PORTUGAL [ PARTE 1 ] - Dravillanueva.com","robots":{"index":"index","follow":"follow","max-snippet":"max-snippet:-1","max-image-preview":"max-image-preview:large","max-video-preview":"max-video-preview:-1"},"canonical":"https:\/\/dravillanueva.com\/medicina-estetica\/congreso-en-portugal-parte-1\/","og_locale":"es_ES","og_type":"article","og_title":"CONGRESO EN PORTUGAL [ PARTE 1 ] - Dravillanueva.com","og_description":"[vc_row][vc_column][vc_column_text]Este fin de semana he estado en Portugal, concretamente en Aller de Chao en el 53 Congreso de la Sociedad Portuguesa de Cirug\u00eda pl\u00e1stica reconstructiva e est\u00e9tica. He ido a dar una charla sobre el tratamiento de la estructura y contorno de la cara con rellenos de \u00e1cido hialur\u00f3nico y tambi\u00e9n la combinaci\u00f3n de \u00e1cido [...]","og_url":"https:\/\/dravillanueva.com\/medicina-estetica\/congreso-en-portugal-parte-1\/","og_site_name":"Dravillanueva.com","article_published_time":"2024-11-03T18:06:20+00:00","article_modified_time":"2024-11-03T18:07:14+00:00","og_image":[{"width":1920,"height":2560,"url":"https:\/\/dravillanueva.com\/medicina-estetica\/wp-content\/uploads\/IMG_0911-scaled.jpeg","type":"image\/jpeg"}],"author":"DraVillanueva","twitter_card":"summary_large_image","twitter_misc":{"Escrito por":"DraVillanueva","Tiempo de lectura":"1 minuto"},"schema":{"@context":"https:\/\/schema.org","@graph":[{"@type":"Article","@id":"https:\/\/dravillanueva.com\/medicina-estetica\/congreso-en-portugal-parte-1\/#article","isPartOf":{"@id":"https:\/\/dravillanueva.com\/medicina-estetica\/congreso-en-portugal-parte-1\/"},"author":{"name":"DraVillanueva","@id":"https:\/\/dravillanueva.com\/medicina-estetica\/#\/schema\/person\/20e8812d42e5ab44742cc792ef5804f3"},"headline":"CONGRESO EN PORTUGAL [ PARTE 1 ]","datePublished":"2024-11-03T18:06:20+00:00","dateModified":"2024-11-03T18:07:14+00:00","mainEntityOfPage":{"@id":"https:\/\/dravillanueva.com\/medicina-estetica\/congreso-en-portugal-parte-1\/"},"wordCount":250,"commentCount":0,"image":{"@id":"https:\/\/dravillanueva.com\/medicina-estetica\/congreso-en-portugal-parte-1\/#primaryimage"},"thumbnailUrl":"https:\/\/dravillanueva.com\/medicina-estetica\/wp-content\/uploads\/IMG_0911-scaled.jpeg","articleSection":["Blog"],"inLanguage":"es","potentialAction":[{"@type":"CommentAction","name":"Comment","target":["https:\/\/dravillanueva.com\/medicina-estetica\/congreso-en-portugal-parte-1\/#respond"]}]},{"@type":"WebPage","@id":"https:\/\/dravillanueva.com\/medicina-estetica\/congreso-en-portugal-parte-1\/","url":"https:\/\/dravillanueva.com\/medicina-estetica\/congreso-en-portugal-parte-1\/","name":"CONGRESO EN PORTUGAL [ PARTE 1 ] - Dravillanueva.com","isPartOf":{"@id":"https:\/\/dravillanueva.com\/medicina-estetica\/#website"},"primaryImageOfPage":{"@id":"https:\/\/dravillanueva.com\/medicina-estetica\/congreso-en-portugal-parte-1\/#primaryimage"},"image":{"@id":"https:\/\/dravillanueva.com\/medicina-estetica\/congreso-en-portugal-parte-1\/#primaryimage"},"thumbnailUrl":"https:\/\/dravillanueva.com\/medicina-estetica\/wp-content\/uploads\/IMG_0911-scaled.jpeg","datePublished":"2024-11-03T18:06:20+00:00","dateModified":"2024-11-03T18:07:14+00:00","author":{"@id":"https:\/\/dravillanueva.com\/medicina-estetica\/#\/schema\/person\/20e8812d42e5ab44742cc792ef5804f3"},"breadcrumb":{"@id":"https:\/\/dravillanueva.com\/medicina-estetica\/congreso-en-portugal-parte-1\/#breadcrumb"},"inLanguage":"es","potentialAction":[{"@type":"ReadAction","target":["https:\/\/dravillanueva.com\/medicina-estetica\/congreso-en-portugal-parte-1\/"]}]},{"@type":"ImageObject","inLanguage":"es","@id":"https:\/\/dravillanueva.com\/medicina-estetica\/congreso-en-portugal-parte-1\/#primaryimage","url":"https:\/\/dravillanueva.com\/medicina-estetica\/wp-content\/uploads\/IMG_0911-scaled.jpeg","contentUrl":"https:\/\/dravillanueva.com\/medicina-estetica\/wp-content\/uploads\/IMG_0911-scaled.jpeg","width":1920,"height":2560},{"@type":"BreadcrumbList","@id":"https:\/\/dravillanueva.com\/medicina-estetica\/congreso-en-portugal-parte-1\/#breadcrumb","itemListElement":[{"@type":"ListItem","position":1,"name":"Portada","item":"https:\/\/dravillanueva.com\/medicina-estetica\/"},{"@type":"ListItem","position":2,"name":"CONGRESO EN PORTUGAL [ PARTE 1 ]"}]},{"@type":"WebSite","@id":"https:\/\/dravillanueva.com\/medicina-estetica\/#website","url":"https:\/\/dravillanueva.com\/medicina-estetica\/","name":"Dravillanueva.com","description":"Especialista en Medicina Est\u00e9tica","potentialAction":[{"@type":"SearchAction","target":{"@type":"EntryPoint","urlTemplate":"https:\/\/dravillanueva.com\/medicina-estetica\/?s={search_term_string}"},"query-input":{"@type":"PropertyValueSpecification","valueRequired":true,"valueName":"search_term_string"}}],"inLanguage":"es"},{"@type":"Person","@id":"https:\/\/dravillanueva.com\/medicina-estetica\/#\/schema\/person\/20e8812d42e5ab44742cc792ef5804f3","name":"DraVillanueva","image":{"@type":"ImageObject","inLanguage":"es","@id":"https:\/\/secure.gravatar.com\/avatar\/1554bf336e725006bdd1a783c2d2feb8b19e25103edad4c101832ad88c0297e3?s=96&d=mm&r=g","url":"https:\/\/secure.gravatar.com\/avatar\/1554bf336e725006bdd1a783c2d2feb8b19e25103edad4c101832ad88c0297e3?s=96&d=mm&r=g","contentUrl":"https:\/\/secure.gravatar.com\/avatar\/1554bf336e725006bdd1a783c2d2feb8b19e25103edad4c101832ad88c0297e3?s=96&d=mm&r=g","caption":"DraVillanueva"},"url":"https:\/\/dravillanueva.com\/medicina-estetica\/author\/dravillanueva\/"}]}},"amp_enabled":true,"_links":{"self":[{"href":"https:\/\/dravillanueva.com\/medicina-estetica\/wp-json\/wp\/v2\/posts\/16057","targetHints":{"allow":["GET"]}}],"collection":[{"href":"https:\/\/dravillanueva.com\/medicina-estetica\/wp-json\/wp\/v2\/posts"}],"about":[{"href":"https:\/\/dravillanueva.com\/medicina-estetica\/wp-json\/wp\/v2\/types\/post"}],"author":[{"embeddable":true,"href":"https:\/\/dravillanueva.com\/medicina-estetica\/wp-json\/wp\/v2\/users\/4"}],"replies":[{"embeddable":true,"href":"https:\/\/dravillanueva.com\/medicina-estetica\/wp-json\/wp\/v2\/comments?post=16057"}],"version-history":[{"count":2,"href":"https:\/\/dravillanueva.com\/medicina-estetica\/wp-json\/wp\/v2\/posts\/16057\/revisions"}],"predecessor-version":[{"id":16060,"href":"https:\/\/dravillanueva.com\/medicina-estetica\/wp-json\/wp\/v2\/posts\/16057\/revisions\/16060"}],"wp:featuredmedia":[{"embeddable":true,"href":"https:\/\/dravillanueva.com\/medicina-estetica\/wp-json\/wp\/v2\/media\/16058"}],"wp:attachment":[{"href":"https:\/\/dravillanueva.com\/medicina-estetica\/wp-json\/wp\/v2\/media?parent=16057"}],"wp:term":[{"taxonomy":"category","embeddable":true,"href":"https:\/\/dravillanueva.com\/medicina-estetica\/wp-json\/wp\/v2\/categories?post=16057"},{"taxonomy":"post_tag","embeddable":true,"href":"https:\/\/dravillanueva.com\/medicina-estetica\/wp-json\/wp\/v2\/tags?post=16057"}],"curies":[{"name":"wp","href":"https:\/\/api.w.org\/{rel}","templated":true}]}}