
{"id":15841,"date":"2023-03-30T23:49:20","date_gmt":"2023-03-30T21:49:20","guid":{"rendered":"https:\/\/dravillanueva.com\/medicina-estetica\/?p=15841"},"modified":"2023-03-30T23:49:20","modified_gmt":"2023-03-30T21:49:20","slug":"los-neuromoduladores-cumplen-20-anos-mi-opinion-en-the-objective","status":"publish","type":"post","link":"https:\/\/dravillanueva.com\/medicina-estetica\/los-neuromoduladores-cumplen-20-anos-mi-opinion-en-the-objective\/","title":{"rendered":"Los neuromoduladores cumplen 20 a\u00f1os, mi opini\u00f3n en The Objective"},"content":{"rendered":"<p>Hoy quiero agradecer al peri\u00f3dico digital   que hayan contado conmigo para su reportaje dedicado a los  \u00f1    en nuestro pa\u00eds. En \u00e9l explican que, tras dos d\u00e9cadas de uso, sigue siendo el     \u0301, y es que, realizado por profesionales cualificados, se obtienen excelentes resultados, algo que puedo confirmar desde mi experiencia en mi cl\u00ednica.<\/p>\n<p>Como resalto en el art\u00edculo, los buenos resultados de los que hablo se deben no solo a la evoluci\u00f3n del producto, sino, y muy especialmente, a que       \u0301   y los tratamientos son m\u00e1s personalizados. Adem\u00e1s, si le\u00e9is completo el art\u00edculo, ver\u00e9is que tambi\u00e9n hay una parte muy interesante en la que se habla de sus otras aplicaciones, en la que aludo a que, una vez aprobado, los neuromoduladores podr\u00edan ser utilizados para    \u0301.<\/p>\n<p>Os animo a leer el art\u00edculo completo en este enlace: <a href=\"https:\/\/theobjective.com\/lifestyle\/2023-03-23\/botox-cumple-anos\/\">Los neuromoduladores cumplen 20 a\u00f1os.<\/a><\/p>\n","protected":false},"excerpt":{"rendered":"<p>Hoy quiero agradecer al peri\u00f3dico digital que hayan contado conmigo para su reportaje dedicado a los \u00f1 en nuestro pa\u00eds. En \u00e9l explican que, tras dos d\u00e9cadas de uso, sigue siendo el \u0301, y es que, realizado por profesionales cualificados, se obtienen excelentes resultados, algo que puedo confirmar desde mi experiencia en mi cl\u00ednica. Como [&#8230;]\n","protected":false},"author":4,"featured_media":15842,"comment_status":"open","ping_status":"open","sticky":false,"template":"","format":"standard","meta":{"h5ap_radio_sources":[],"footnotes":""},"categories":[76],"tags":[63,64,65,286,98],"class_list":["post-15841","post","type-post","status-publish","format-standard","has-post-thumbnail","hentry","category-blog","tag-dra-villanueva","tag-entrevistas","tag-medicina-estetica","tag-neuromoduladores","tag-rejuvenecimiento-facial"],"yoast_head":"<!-- This site is optimized with the Yoast SEO plugin v27.5 - https:\/\/yoast.com\/product\/yoast-seo-wordpress\/ -->\n<title>Los neuromoduladores cumplen 20 a\u00f1os, mi opini\u00f3n en The Objective - Dravillanueva.com<\/title>\n<meta name=\"robots\" content=\"index, follow, max-snippet:-1, max-image-preview:large, max-video-preview:-1\" \/>\n<link rel=\"canonical\" href=\"https:\/\/dravillanueva.com\/medicina-estetica\/los-neuromoduladores-cumplen-20-anos-mi-opinion-en-the-objective\/\" \/>\n<meta property=\"og:locale\" content=\"es_ES\" \/>\n<meta property=\"og:type\" content=\"article\" \/>\n<meta property=\"og:title\" content=\"Los neuromoduladores cumplen 20 a\u00f1os, mi opini\u00f3n en The Objective - Dravillanueva.com\" \/>\n<meta property=\"og:description\" content=\"Hoy quiero agradecer al peri\u00f3dico digital que hayan contado conmigo para su reportaje dedicado a los \u00f1 en nuestro pa\u00eds. En \u00e9l explican que, tras dos d\u00e9cadas de uso, sigue siendo el \u0301, y es que, realizado por profesionales cualificados, se obtienen excelentes resultados, algo que puedo confirmar desde mi experiencia en mi cl\u00ednica. Como [...]\" \/>\n<meta property=\"og:url\" content=\"https:\/\/dravillanueva.com\/medicina-estetica\/los-neuromoduladores-cumplen-20-anos-mi-opinion-en-the-objective\/\" \/>\n<meta property=\"og:site_name\" content=\"Dravillanueva.com\" \/>\n<meta property=\"article:published_time\" content=\"2023-03-30T21:49:20+00:00\" \/>\n<meta property=\"og:image\" content=\"https:\/\/dravillanueva.com\/medicina-estetica\/wp-content\/uploads\/Dra.-Entrevista.jpg\" \/>\n\t<meta property=\"og:image:width\" content=\"845\" \/>\n\t<meta property=\"og:image:height\" content=\"736\" \/>\n\t<meta property=\"og:image:type\" content=\"image\/jpeg\" \/>\n<meta name=\"author\" content=\"DraVillanueva\" \/>\n<meta name=\"twitter:card\" content=\"summary_large_image\" \/>\n<meta name=\"twitter:label1\" content=\"Escrito por\" \/>\n\t<meta name=\"twitter:data1\" content=\"DraVillanueva\" \/>\n\t<meta name=\"twitter:label2\" content=\"Tiempo de lectura\" \/>\n\t<meta name=\"twitter:data2\" content=\"1 minuto\" \/>\n<script type=\"application\/ld+json\" class=\"yoast-schema-graph\">{\"@context\":\"https:\\\/\\\/schema.org\",\"@graph\":[{\"@type\":\"Article\",\"@id\":\"https:\\\/\\\/dravillanueva.com\\\/medicina-estetica\\\/los-neuromoduladores-cumplen-20-anos-mi-opinion-en-the-objective\\\/#article\",\"isPartOf\":{\"@id\":\"https:\\\/\\\/dravillanueva.com\\\/medicina-estetica\\\/los-neuromoduladores-cumplen-20-anos-mi-opinion-en-the-objective\\\/\"},\"author\":{\"name\":\"DraVillanueva\",\"@id\":\"https:\\\/\\\/dravillanueva.com\\\/medicina-estetica\\\/#\\\/schema\\\/person\\\/20e8812d42e5ab44742cc792ef5804f3\"},\"headline\":\"Los neuromoduladores cumplen 20 a\u00f1os, mi opini\u00f3n en The Objective\",\"datePublished\":\"2023-03-30T21:49:20+00:00\",\"mainEntityOfPage\":{\"@id\":\"https:\\\/\\\/dravillanueva.com\\\/medicina-estetica\\\/los-neuromoduladores-cumplen-20-anos-mi-opinion-en-the-objective\\\/\"},\"wordCount\":163,\"commentCount\":0,\"image\":{\"@id\":\"https:\\\/\\\/dravillanueva.com\\\/medicina-estetica\\\/los-neuromoduladores-cumplen-20-anos-mi-opinion-en-the-objective\\\/#primaryimage\"},\"thumbnailUrl\":\"https:\\\/\\\/dravillanueva.com\\\/medicina-estetica\\\/wp-content\\\/uploads\\\/Dra.-Entrevista.jpg\",\"keywords\":[\"Dra. Villanueva\",\"entrevistas\",\"medicina est\u00e9tica\",\"neuromoduladores\",\"rejuvenecimiento facial\"],\"articleSection\":[\"Blog\"],\"inLanguage\":\"es\",\"potentialAction\":[{\"@type\":\"CommentAction\",\"name\":\"Comment\",\"target\":[\"https:\\\/\\\/dravillanueva.com\\\/medicina-estetica\\\/los-neuromoduladores-cumplen-20-anos-mi-opinion-en-the-objective\\\/#respond\"]}]},{\"@type\":\"WebPage\",\"@id\":\"https:\\\/\\\/dravillanueva.com\\\/medicina-estetica\\\/los-neuromoduladores-cumplen-20-anos-mi-opinion-en-the-objective\\\/\",\"url\":\"https:\\\/\\\/dravillanueva.com\\\/medicina-estetica\\\/los-neuromoduladores-cumplen-20-anos-mi-opinion-en-the-objective\\\/\",\"name\":\"Los neuromoduladores cumplen 20 a\u00f1os, mi opini\u00f3n en The Objective - Dravillanueva.com\",\"isPartOf\":{\"@id\":\"https:\\\/\\\/dravillanueva.com\\\/medicina-estetica\\\/#website\"},\"primaryImageOfPage\":{\"@id\":\"https:\\\/\\\/dravillanueva.com\\\/medicina-estetica\\\/los-neuromoduladores-cumplen-20-anos-mi-opinion-en-the-objective\\\/#primaryimage\"},\"image\":{\"@id\":\"https:\\\/\\\/dravillanueva.com\\\/medicina-estetica\\\/los-neuromoduladores-cumplen-20-anos-mi-opinion-en-the-objective\\\/#primaryimage\"},\"thumbnailUrl\":\"https:\\\/\\\/dravillanueva.com\\\/medicina-estetica\\\/wp-content\\\/uploads\\\/Dra.-Entrevista.jpg\",\"datePublished\":\"2023-03-30T21:49:20+00:00\",\"author\":{\"@id\":\"https:\\\/\\\/dravillanueva.com\\\/medicina-estetica\\\/#\\\/schema\\\/person\\\/20e8812d42e5ab44742cc792ef5804f3\"},\"breadcrumb\":{\"@id\":\"https:\\\/\\\/dravillanueva.com\\\/medicina-estetica\\\/los-neuromoduladores-cumplen-20-anos-mi-opinion-en-the-objective\\\/#breadcrumb\"},\"inLanguage\":\"es\",\"potentialAction\":[{\"@type\":\"ReadAction\",\"target\":[\"https:\\\/\\\/dravillanueva.com\\\/medicina-estetica\\\/los-neuromoduladores-cumplen-20-anos-mi-opinion-en-the-objective\\\/\"]}]},{\"@type\":\"ImageObject\",\"inLanguage\":\"es\",\"@id\":\"https:\\\/\\\/dravillanueva.com\\\/medicina-estetica\\\/los-neuromoduladores-cumplen-20-anos-mi-opinion-en-the-objective\\\/#primaryimage\",\"url\":\"https:\\\/\\\/dravillanueva.com\\\/medicina-estetica\\\/wp-content\\\/uploads\\\/Dra.-Entrevista.jpg\",\"contentUrl\":\"https:\\\/\\\/dravillanueva.com\\\/medicina-estetica\\\/wp-content\\\/uploads\\\/Dra.-Entrevista.jpg\",\"width\":845,\"height\":736},{\"@type\":\"BreadcrumbList\",\"@id\":\"https:\\\/\\\/dravillanueva.com\\\/medicina-estetica\\\/los-neuromoduladores-cumplen-20-anos-mi-opinion-en-the-objective\\\/#breadcrumb\",\"itemListElement\":[{\"@type\":\"ListItem\",\"position\":1,\"name\":\"Portada\",\"item\":\"https:\\\/\\\/dravillanueva.com\\\/medicina-estetica\\\/\"},{\"@type\":\"ListItem\",\"position\":2,\"name\":\"Los neuromoduladores cumplen 20 a\u00f1os, mi opini\u00f3n en The Objective\"}]},{\"@type\":\"WebSite\",\"@id\":\"https:\\\/\\\/dravillanueva.com\\\/medicina-estetica\\\/#website\",\"url\":\"https:\\\/\\\/dravillanueva.com\\\/medicina-estetica\\\/\",\"name\":\"Dravillanueva.com\",\"description\":\"Especialista en Medicina Est\u00e9tica\",\"potentialAction\":[{\"@type\":\"SearchAction\",\"target\":{\"@type\":\"EntryPoint\",\"urlTemplate\":\"https:\\\/\\\/dravillanueva.com\\\/medicina-estetica\\\/?s={search_term_string}\"},\"query-input\":{\"@type\":\"PropertyValueSpecification\",\"valueRequired\":true,\"valueName\":\"search_term_string\"}}],\"inLanguage\":\"es\"},{\"@type\":\"Person\",\"@id\":\"https:\\\/\\\/dravillanueva.com\\\/medicina-estetica\\\/#\\\/schema\\\/person\\\/20e8812d42e5ab44742cc792ef5804f3\",\"name\":\"DraVillanueva\",\"image\":{\"@type\":\"ImageObject\",\"inLanguage\":\"es\",\"@id\":\"https:\\\/\\\/secure.gravatar.com\\\/avatar\\\/1554bf336e725006bdd1a783c2d2feb8b19e25103edad4c101832ad88c0297e3?s=96&d=mm&r=g\",\"url\":\"https:\\\/\\\/secure.gravatar.com\\\/avatar\\\/1554bf336e725006bdd1a783c2d2feb8b19e25103edad4c101832ad88c0297e3?s=96&d=mm&r=g\",\"contentUrl\":\"https:\\\/\\\/secure.gravatar.com\\\/avatar\\\/1554bf336e725006bdd1a783c2d2feb8b19e25103edad4c101832ad88c0297e3?s=96&d=mm&r=g\",\"caption\":\"DraVillanueva\"},\"url\":\"https:\\\/\\\/dravillanueva.com\\\/medicina-estetica\\\/author\\\/dravillanueva\\\/\"}]}<\/script>\n<!-- \/ Yoast SEO plugin. -->","yoast_head_json":{"title":"Los neuromoduladores cumplen 20 a\u00f1os, mi opini\u00f3n en The Objective - Dravillanueva.com","robots":{"index":"index","follow":"follow","max-snippet":"max-snippet:-1","max-image-preview":"max-image-preview:large","max-video-preview":"max-video-preview:-1"},"canonical":"https:\/\/dravillanueva.com\/medicina-estetica\/los-neuromoduladores-cumplen-20-anos-mi-opinion-en-the-objective\/","og_locale":"es_ES","og_type":"article","og_title":"Los neuromoduladores cumplen 20 a\u00f1os, mi opini\u00f3n en The Objective - Dravillanueva.com","og_description":"Hoy quiero agradecer al peri\u00f3dico digital que hayan contado conmigo para su reportaje dedicado a los \u00f1 en nuestro pa\u00eds. En \u00e9l explican que, tras dos d\u00e9cadas de uso, sigue siendo el \u0301, y es que, realizado por profesionales cualificados, se obtienen excelentes resultados, algo que puedo confirmar desde mi experiencia en mi cl\u00ednica. Como [...]","og_url":"https:\/\/dravillanueva.com\/medicina-estetica\/los-neuromoduladores-cumplen-20-anos-mi-opinion-en-the-objective\/","og_site_name":"Dravillanueva.com","article_published_time":"2023-03-30T21:49:20+00:00","og_image":[{"width":845,"height":736,"url":"https:\/\/dravillanueva.com\/medicina-estetica\/wp-content\/uploads\/Dra.-Entrevista.jpg","type":"image\/jpeg"}],"author":"DraVillanueva","twitter_card":"summary_large_image","twitter_misc":{"Escrito por":"DraVillanueva","Tiempo de lectura":"1 minuto"},"schema":{"@context":"https:\/\/schema.org","@graph":[{"@type":"Article","@id":"https:\/\/dravillanueva.com\/medicina-estetica\/los-neuromoduladores-cumplen-20-anos-mi-opinion-en-the-objective\/#article","isPartOf":{"@id":"https:\/\/dravillanueva.com\/medicina-estetica\/los-neuromoduladores-cumplen-20-anos-mi-opinion-en-the-objective\/"},"author":{"name":"DraVillanueva","@id":"https:\/\/dravillanueva.com\/medicina-estetica\/#\/schema\/person\/20e8812d42e5ab44742cc792ef5804f3"},"headline":"Los neuromoduladores cumplen 20 a\u00f1os, mi opini\u00f3n en The Objective","datePublished":"2023-03-30T21:49:20+00:00","mainEntityOfPage":{"@id":"https:\/\/dravillanueva.com\/medicina-estetica\/los-neuromoduladores-cumplen-20-anos-mi-opinion-en-the-objective\/"},"wordCount":163,"commentCount":0,"image":{"@id":"https:\/\/dravillanueva.com\/medicina-estetica\/los-neuromoduladores-cumplen-20-anos-mi-opinion-en-the-objective\/#primaryimage"},"thumbnailUrl":"https:\/\/dravillanueva.com\/medicina-estetica\/wp-content\/uploads\/Dra.-Entrevista.jpg","keywords":["Dra. Villanueva","entrevistas","medicina est\u00e9tica","neuromoduladores","rejuvenecimiento facial"],"articleSection":["Blog"],"inLanguage":"es","potentialAction":[{"@type":"CommentAction","name":"Comment","target":["https:\/\/dravillanueva.com\/medicina-estetica\/los-neuromoduladores-cumplen-20-anos-mi-opinion-en-the-objective\/#respond"]}]},{"@type":"WebPage","@id":"https:\/\/dravillanueva.com\/medicina-estetica\/los-neuromoduladores-cumplen-20-anos-mi-opinion-en-the-objective\/","url":"https:\/\/dravillanueva.com\/medicina-estetica\/los-neuromoduladores-cumplen-20-anos-mi-opinion-en-the-objective\/","name":"Los neuromoduladores cumplen 20 a\u00f1os, mi opini\u00f3n en The Objective - Dravillanueva.com","isPartOf":{"@id":"https:\/\/dravillanueva.com\/medicina-estetica\/#website"},"primaryImageOfPage":{"@id":"https:\/\/dravillanueva.com\/medicina-estetica\/los-neuromoduladores-cumplen-20-anos-mi-opinion-en-the-objective\/#primaryimage"},"image":{"@id":"https:\/\/dravillanueva.com\/medicina-estetica\/los-neuromoduladores-cumplen-20-anos-mi-opinion-en-the-objective\/#primaryimage"},"thumbnailUrl":"https:\/\/dravillanueva.com\/medicina-estetica\/wp-content\/uploads\/Dra.-Entrevista.jpg","datePublished":"2023-03-30T21:49:20+00:00","author":{"@id":"https:\/\/dravillanueva.com\/medicina-estetica\/#\/schema\/person\/20e8812d42e5ab44742cc792ef5804f3"},"breadcrumb":{"@id":"https:\/\/dravillanueva.com\/medicina-estetica\/los-neuromoduladores-cumplen-20-anos-mi-opinion-en-the-objective\/#breadcrumb"},"inLanguage":"es","potentialAction":[{"@type":"ReadAction","target":["https:\/\/dravillanueva.com\/medicina-estetica\/los-neuromoduladores-cumplen-20-anos-mi-opinion-en-the-objective\/"]}]},{"@type":"ImageObject","inLanguage":"es","@id":"https:\/\/dravillanueva.com\/medicina-estetica\/los-neuromoduladores-cumplen-20-anos-mi-opinion-en-the-objective\/#primaryimage","url":"https:\/\/dravillanueva.com\/medicina-estetica\/wp-content\/uploads\/Dra.-Entrevista.jpg","contentUrl":"https:\/\/dravillanueva.com\/medicina-estetica\/wp-content\/uploads\/Dra.-Entrevista.jpg","width":845,"height":736},{"@type":"BreadcrumbList","@id":"https:\/\/dravillanueva.com\/medicina-estetica\/los-neuromoduladores-cumplen-20-anos-mi-opinion-en-the-objective\/#breadcrumb","itemListElement":[{"@type":"ListItem","position":1,"name":"Portada","item":"https:\/\/dravillanueva.com\/medicina-estetica\/"},{"@type":"ListItem","position":2,"name":"Los neuromoduladores cumplen 20 a\u00f1os, mi opini\u00f3n en The Objective"}]},{"@type":"WebSite","@id":"https:\/\/dravillanueva.com\/medicina-estetica\/#website","url":"https:\/\/dravillanueva.com\/medicina-estetica\/","name":"Dravillanueva.com","description":"Especialista en Medicina Est\u00e9tica","potentialAction":[{"@type":"SearchAction","target":{"@type":"EntryPoint","urlTemplate":"https:\/\/dravillanueva.com\/medicina-estetica\/?s={search_term_string}"},"query-input":{"@type":"PropertyValueSpecification","valueRequired":true,"valueName":"search_term_string"}}],"inLanguage":"es"},{"@type":"Person","@id":"https:\/\/dravillanueva.com\/medicina-estetica\/#\/schema\/person\/20e8812d42e5ab44742cc792ef5804f3","name":"DraVillanueva","image":{"@type":"ImageObject","inLanguage":"es","@id":"https:\/\/secure.gravatar.com\/avatar\/1554bf336e725006bdd1a783c2d2feb8b19e25103edad4c101832ad88c0297e3?s=96&d=mm&r=g","url":"https:\/\/secure.gravatar.com\/avatar\/1554bf336e725006bdd1a783c2d2feb8b19e25103edad4c101832ad88c0297e3?s=96&d=mm&r=g","contentUrl":"https:\/\/secure.gravatar.com\/avatar\/1554bf336e725006bdd1a783c2d2feb8b19e25103edad4c101832ad88c0297e3?s=96&d=mm&r=g","caption":"DraVillanueva"},"url":"https:\/\/dravillanueva.com\/medicina-estetica\/author\/dravillanueva\/"}]}},"amp_enabled":true,"_links":{"self":[{"href":"https:\/\/dravillanueva.com\/medicina-estetica\/wp-json\/wp\/v2\/posts\/15841","targetHints":{"allow":["GET"]}}],"collection":[{"href":"https:\/\/dravillanueva.com\/medicina-estetica\/wp-json\/wp\/v2\/posts"}],"about":[{"href":"https:\/\/dravillanueva.com\/medicina-estetica\/wp-json\/wp\/v2\/types\/post"}],"author":[{"embeddable":true,"href":"https:\/\/dravillanueva.com\/medicina-estetica\/wp-json\/wp\/v2\/users\/4"}],"replies":[{"embeddable":true,"href":"https:\/\/dravillanueva.com\/medicina-estetica\/wp-json\/wp\/v2\/comments?post=15841"}],"version-history":[{"count":1,"href":"https:\/\/dravillanueva.com\/medicina-estetica\/wp-json\/wp\/v2\/posts\/15841\/revisions"}],"predecessor-version":[{"id":15843,"href":"https:\/\/dravillanueva.com\/medicina-estetica\/wp-json\/wp\/v2\/posts\/15841\/revisions\/15843"}],"wp:featuredmedia":[{"embeddable":true,"href":"https:\/\/dravillanueva.com\/medicina-estetica\/wp-json\/wp\/v2\/media\/15842"}],"wp:attachment":[{"href":"https:\/\/dravillanueva.com\/medicina-estetica\/wp-json\/wp\/v2\/media?parent=15841"}],"wp:term":[{"taxonomy":"category","embeddable":true,"href":"https:\/\/dravillanueva.com\/medicina-estetica\/wp-json\/wp\/v2\/categories?post=15841"},{"taxonomy":"post_tag","embeddable":true,"href":"https:\/\/dravillanueva.com\/medicina-estetica\/wp-json\/wp\/v2\/tags?post=15841"}],"curies":[{"name":"wp","href":"https:\/\/api.w.org\/{rel}","templated":true}]}}