
{"id":15652,"date":"2022-10-25T10:09:02","date_gmt":"2022-10-25T08:09:02","guid":{"rendered":"https:\/\/dravillanueva.com\/medicina-estetica\/?p=15652"},"modified":"2023-02-09T12:00:41","modified_gmt":"2023-02-09T10:00:41","slug":"behind-beauty-2022","status":"publish","type":"post","link":"https:\/\/dravillanueva.com\/medicina-estetica\/behind-beauty-2022\/","title":{"rendered":"BEHIND BEAUTY 2022"},"content":{"rendered":"<p class=\"p1\">Este pasado s\u00e1bado asist\u00ed en Madrid a un evento cient\u00edfico organizado por Allergan Aesthetics al que han llamado Behind Beauty, es decir, detr\u00e1s de la belleza.<\/p>\n<p class=\"p1\">Y <strong>\u00bfqu\u00e9 hay detr\u00e1s de la belleza?<\/strong> Pues, en este caso, ciencia. La ciencia de los productos que utilizamos para conservar la belleza o mejorarla mediante los tratamientos de medicina est\u00e9tica.<\/p>\n<p class=\"p1\">En el evento pudimos ver a diferentes ponentes nacionales y extranjeros que nos hicieron hincapi\u00e9 en la importancia del diagn\u00f3stico para el tratamiento. El diagn\u00f3stico personalizado es la base del \u00e9xito de un tratamiento. Por ello, siempre explico lo importante que es una <a href=\"https:\/\/dravillanueva.com\/medicina-estetica\/la-primera-visita\/\">primera visita.<\/a> En esa primera visita, adem\u00e1s del diagn\u00f3stico, podemos conocer tambi\u00e9n las expectativas de nuestra paciente, los deseos y preocupaciones respecto a su est\u00e9tica, tambi\u00e9n sus emociones y, por supuesto, su anatom\u00eda y caracter\u00edsticas de su piel, porque no todos envejecemos igual.<\/p>\n<p class=\"p1\">Estuvimos hablando de <strong>neuromoduladores y su importancia en la correcci\u00f3n de las arrugas de expresi\u00f3n<\/strong>, pero de una manera natural, que nos permita expresar nuestras emociones, modulando las expresiones extremas. Hablaron de ello estos ponentes: el Dr. Apul Parikh, la Dra. Iratxe D\u00edaz, el Dr. Lisandro Farollch, el Dr. Wolfgang Philipp-Dormston, la Dra. Paula Andrea y el Dr. Carlos Jarne.<\/p>\n<p class=\"p1\">Tambi\u00e9n fueron <strong>muy interesantes las charlas del Dr. Urdiales y el Dr. Braz,<\/strong> quien lleva 5 a\u00f1os de experiencia con un nuevo relleno h\u00edbrido que combina \u00e1cido hialur\u00f3nico con hidroxiapatita c\u00e1lcica y est\u00e1 indicado para la zona de la mand\u00edbula, ayuda a la reestructuraci\u00f3n del col\u00e1geno y produce una retracci\u00f3n o mejora de la flacidez.<\/p>\n<p class=\"p1\">La investigaci\u00f3n y la ciencia detr\u00e1s de los productos, as\u00ed como la formaci\u00f3n continua es lo que nos hace mejorar.<\/p>\n<p class=\"p1\">Por supuesto, <strong>es una ilusi\u00f3n encontrarse con compa\u00f1eros de toda Espa\u00f1a y poder compartir conocimientos.<\/strong> Tambi\u00e9n me produce mucha alegr\u00eda ver a Dres. que han pasado por mi consulta o han sido alumnos m\u00edos y me agradecen lo que han evolucionado gracias a eso.\u00a0 Es emocionante y les doy las gracias por su confianza.<\/p>\n<p class=\"p1\">Gracias a Allergan por organizar este evento que, adem\u00e1s, se celebr\u00f3 en un palacio precioso de Madrid, el palacio de Linares, al que seg\u00fan la prensa no le falta ni el fantasma, \u00a1aunque ese d\u00eda no apareci\u00f3!<\/p>\n<p><img loading=\"lazy\" decoding=\"async\" class=\"size-medium wp-image-15653 aligncenter\" src=\"https:\/\/dravillanueva.com\/medicina-estetica\/wp-content\/uploads\/Behind-Beauty-min-533x400.jpg\" alt=\"\" width=\"533\" height=\"400\" srcset=\"https:\/\/dravillanueva.com\/medicina-estetica\/wp-content\/uploads\/Behind-Beauty-min-533x400.jpg 533w, https:\/\/dravillanueva.com\/medicina-estetica\/wp-content\/uploads\/Behind-Beauty-min-1067x800.jpg 1067w, https:\/\/dravillanueva.com\/medicina-estetica\/wp-content\/uploads\/Behind-Beauty-min-768x576.jpg 768w, https:\/\/dravillanueva.com\/medicina-estetica\/wp-content\/uploads\/Behind-Beauty-min-1536x1152.jpg 1536w, https:\/\/dravillanueva.com\/medicina-estetica\/wp-content\/uploads\/Behind-Beauty-min-2048x1536.jpg 2048w\" sizes=\"auto, (max-width: 533px) 100vw, 533px\" \/><\/p>\n","protected":false},"excerpt":{"rendered":"<p>Este pasado s\u00e1bado asist\u00ed en Madrid a un evento cient\u00edfico organizado por Allergan Aesthetics al que han llamado Behind Beauty, es decir, detr\u00e1s de la belleza. Y \u00bfqu\u00e9 hay detr\u00e1s de la belleza? Pues, en este caso, ciencia. La ciencia de los productos que utilizamos para conservar la belleza o mejorarla mediante los tratamientos de [&#8230;]\n","protected":false},"author":4,"featured_media":15654,"comment_status":"open","ping_status":"open","sticky":false,"template":"","format":"standard","meta":{"h5ap_radio_sources":[],"footnotes":""},"categories":[76],"tags":[116,63,65,286],"class_list":["post-15652","post","type-post","status-publish","format-standard","has-post-thumbnail","hentry","category-blog","tag-allergan","tag-dra-villanueva","tag-medicina-estetica","tag-neuromoduladores"],"yoast_head":"<!-- This site is optimized with the Yoast SEO plugin v27.5 - https:\/\/yoast.com\/product\/yoast-seo-wordpress\/ -->\n<title>BEHIND BEAUTY 2022 - Dravillanueva.com<\/title>\n<meta name=\"description\" content=\"Este pasado s\u00e1bado asist\u00ed en Madrid a un evento cient\u00edfico organizado por Allergan Aesthetics al que han llamado Behind Beauty, es decir, detr\u00e1s de la belleza.\" \/>\n<meta name=\"robots\" content=\"index, follow, max-snippet:-1, max-image-preview:large, max-video-preview:-1\" \/>\n<link rel=\"canonical\" href=\"https:\/\/dravillanueva.com\/medicina-estetica\/behind-beauty-2022\/\" \/>\n<meta property=\"og:locale\" content=\"es_ES\" \/>\n<meta property=\"og:type\" content=\"article\" \/>\n<meta property=\"og:title\" content=\"BEHIND BEAUTY 2022 - Dravillanueva.com\" \/>\n<meta property=\"og:description\" content=\"Este pasado s\u00e1bado asist\u00ed en Madrid a un evento cient\u00edfico organizado por Allergan Aesthetics al que han llamado Behind Beauty, es decir, detr\u00e1s de la belleza.\" \/>\n<meta property=\"og:url\" content=\"https:\/\/dravillanueva.com\/medicina-estetica\/behind-beauty-2022\/\" \/>\n<meta property=\"og:site_name\" content=\"Dravillanueva.com\" \/>\n<meta property=\"article:published_time\" content=\"2022-10-25T08:09:02+00:00\" \/>\n<meta property=\"article:modified_time\" content=\"2023-02-09T10:00:41+00:00\" \/>\n<meta property=\"og:image\" content=\"https:\/\/dravillanueva.com\/medicina-estetica\/wp-content\/uploads\/Behind-Beauty.jpeg\" \/>\n\t<meta property=\"og:image:width\" content=\"1280\" \/>\n\t<meta property=\"og:image:height\" content=\"1133\" \/>\n\t<meta property=\"og:image:type\" content=\"image\/jpeg\" \/>\n<meta name=\"author\" content=\"DraVillanueva\" \/>\n<meta name=\"twitter:card\" content=\"summary_large_image\" \/>\n<meta name=\"twitter:label1\" content=\"Escrito por\" \/>\n\t<meta name=\"twitter:data1\" content=\"DraVillanueva\" \/>\n\t<meta name=\"twitter:label2\" content=\"Tiempo de lectura\" \/>\n\t<meta name=\"twitter:data2\" content=\"2 minutos\" \/>\n<script type=\"application\/ld+json\" class=\"yoast-schema-graph\">{\"@context\":\"https:\\\/\\\/schema.org\",\"@graph\":[{\"@type\":\"Article\",\"@id\":\"https:\\\/\\\/dravillanueva.com\\\/medicina-estetica\\\/behind-beauty-2022\\\/#article\",\"isPartOf\":{\"@id\":\"https:\\\/\\\/dravillanueva.com\\\/medicina-estetica\\\/behind-beauty-2022\\\/\"},\"author\":{\"name\":\"DraVillanueva\",\"@id\":\"https:\\\/\\\/dravillanueva.com\\\/medicina-estetica\\\/#\\\/schema\\\/person\\\/20e8812d42e5ab44742cc792ef5804f3\"},\"headline\":\"BEHIND BEAUTY 2022\",\"datePublished\":\"2022-10-25T08:09:02+00:00\",\"dateModified\":\"2023-02-09T10:00:41+00:00\",\"mainEntityOfPage\":{\"@id\":\"https:\\\/\\\/dravillanueva.com\\\/medicina-estetica\\\/behind-beauty-2022\\\/\"},\"wordCount\":408,\"commentCount\":0,\"image\":{\"@id\":\"https:\\\/\\\/dravillanueva.com\\\/medicina-estetica\\\/behind-beauty-2022\\\/#primaryimage\"},\"thumbnailUrl\":\"https:\\\/\\\/dravillanueva.com\\\/medicina-estetica\\\/wp-content\\\/uploads\\\/Behind-Beauty.jpeg\",\"keywords\":[\"allergan\",\"Dra. Villanueva\",\"medicina est\u00e9tica\",\"neuromoduladores\"],\"articleSection\":[\"Blog\"],\"inLanguage\":\"es\",\"potentialAction\":[{\"@type\":\"CommentAction\",\"name\":\"Comment\",\"target\":[\"https:\\\/\\\/dravillanueva.com\\\/medicina-estetica\\\/behind-beauty-2022\\\/#respond\"]}]},{\"@type\":\"WebPage\",\"@id\":\"https:\\\/\\\/dravillanueva.com\\\/medicina-estetica\\\/behind-beauty-2022\\\/\",\"url\":\"https:\\\/\\\/dravillanueva.com\\\/medicina-estetica\\\/behind-beauty-2022\\\/\",\"name\":\"BEHIND BEAUTY 2022 - Dravillanueva.com\",\"isPartOf\":{\"@id\":\"https:\\\/\\\/dravillanueva.com\\\/medicina-estetica\\\/#website\"},\"primaryImageOfPage\":{\"@id\":\"https:\\\/\\\/dravillanueva.com\\\/medicina-estetica\\\/behind-beauty-2022\\\/#primaryimage\"},\"image\":{\"@id\":\"https:\\\/\\\/dravillanueva.com\\\/medicina-estetica\\\/behind-beauty-2022\\\/#primaryimage\"},\"thumbnailUrl\":\"https:\\\/\\\/dravillanueva.com\\\/medicina-estetica\\\/wp-content\\\/uploads\\\/Behind-Beauty.jpeg\",\"datePublished\":\"2022-10-25T08:09:02+00:00\",\"dateModified\":\"2023-02-09T10:00:41+00:00\",\"author\":{\"@id\":\"https:\\\/\\\/dravillanueva.com\\\/medicina-estetica\\\/#\\\/schema\\\/person\\\/20e8812d42e5ab44742cc792ef5804f3\"},\"description\":\"Este pasado s\u00e1bado asist\u00ed en Madrid a un evento cient\u00edfico organizado por Allergan Aesthetics al que han llamado Behind Beauty, es decir, detr\u00e1s de la belleza.\",\"breadcrumb\":{\"@id\":\"https:\\\/\\\/dravillanueva.com\\\/medicina-estetica\\\/behind-beauty-2022\\\/#breadcrumb\"},\"inLanguage\":\"es\",\"potentialAction\":[{\"@type\":\"ReadAction\",\"target\":[\"https:\\\/\\\/dravillanueva.com\\\/medicina-estetica\\\/behind-beauty-2022\\\/\"]}]},{\"@type\":\"ImageObject\",\"inLanguage\":\"es\",\"@id\":\"https:\\\/\\\/dravillanueva.com\\\/medicina-estetica\\\/behind-beauty-2022\\\/#primaryimage\",\"url\":\"https:\\\/\\\/dravillanueva.com\\\/medicina-estetica\\\/wp-content\\\/uploads\\\/Behind-Beauty.jpeg\",\"contentUrl\":\"https:\\\/\\\/dravillanueva.com\\\/medicina-estetica\\\/wp-content\\\/uploads\\\/Behind-Beauty.jpeg\",\"width\":1280,\"height\":1133},{\"@type\":\"BreadcrumbList\",\"@id\":\"https:\\\/\\\/dravillanueva.com\\\/medicina-estetica\\\/behind-beauty-2022\\\/#breadcrumb\",\"itemListElement\":[{\"@type\":\"ListItem\",\"position\":1,\"name\":\"Portada\",\"item\":\"https:\\\/\\\/dravillanueva.com\\\/medicina-estetica\\\/\"},{\"@type\":\"ListItem\",\"position\":2,\"name\":\"BEHIND BEAUTY 2022\"}]},{\"@type\":\"WebSite\",\"@id\":\"https:\\\/\\\/dravillanueva.com\\\/medicina-estetica\\\/#website\",\"url\":\"https:\\\/\\\/dravillanueva.com\\\/medicina-estetica\\\/\",\"name\":\"Dravillanueva.com\",\"description\":\"Especialista en Medicina Est\u00e9tica\",\"potentialAction\":[{\"@type\":\"SearchAction\",\"target\":{\"@type\":\"EntryPoint\",\"urlTemplate\":\"https:\\\/\\\/dravillanueva.com\\\/medicina-estetica\\\/?s={search_term_string}\"},\"query-input\":{\"@type\":\"PropertyValueSpecification\",\"valueRequired\":true,\"valueName\":\"search_term_string\"}}],\"inLanguage\":\"es\"},{\"@type\":\"Person\",\"@id\":\"https:\\\/\\\/dravillanueva.com\\\/medicina-estetica\\\/#\\\/schema\\\/person\\\/20e8812d42e5ab44742cc792ef5804f3\",\"name\":\"DraVillanueva\",\"image\":{\"@type\":\"ImageObject\",\"inLanguage\":\"es\",\"@id\":\"https:\\\/\\\/secure.gravatar.com\\\/avatar\\\/1554bf336e725006bdd1a783c2d2feb8b19e25103edad4c101832ad88c0297e3?s=96&d=mm&r=g\",\"url\":\"https:\\\/\\\/secure.gravatar.com\\\/avatar\\\/1554bf336e725006bdd1a783c2d2feb8b19e25103edad4c101832ad88c0297e3?s=96&d=mm&r=g\",\"contentUrl\":\"https:\\\/\\\/secure.gravatar.com\\\/avatar\\\/1554bf336e725006bdd1a783c2d2feb8b19e25103edad4c101832ad88c0297e3?s=96&d=mm&r=g\",\"caption\":\"DraVillanueva\"},\"url\":\"https:\\\/\\\/dravillanueva.com\\\/medicina-estetica\\\/author\\\/dravillanueva\\\/\"}]}<\/script>\n<!-- \/ Yoast SEO plugin. -->","yoast_head_json":{"title":"BEHIND BEAUTY 2022 - Dravillanueva.com","description":"Este pasado s\u00e1bado asist\u00ed en Madrid a un evento cient\u00edfico organizado por Allergan Aesthetics al que han llamado Behind Beauty, es decir, detr\u00e1s de la belleza.","robots":{"index":"index","follow":"follow","max-snippet":"max-snippet:-1","max-image-preview":"max-image-preview:large","max-video-preview":"max-video-preview:-1"},"canonical":"https:\/\/dravillanueva.com\/medicina-estetica\/behind-beauty-2022\/","og_locale":"es_ES","og_type":"article","og_title":"BEHIND BEAUTY 2022 - Dravillanueva.com","og_description":"Este pasado s\u00e1bado asist\u00ed en Madrid a un evento cient\u00edfico organizado por Allergan Aesthetics al que han llamado Behind Beauty, es decir, detr\u00e1s de la belleza.","og_url":"https:\/\/dravillanueva.com\/medicina-estetica\/behind-beauty-2022\/","og_site_name":"Dravillanueva.com","article_published_time":"2022-10-25T08:09:02+00:00","article_modified_time":"2023-02-09T10:00:41+00:00","og_image":[{"width":1280,"height":1133,"url":"https:\/\/dravillanueva.com\/medicina-estetica\/wp-content\/uploads\/Behind-Beauty.jpeg","type":"image\/jpeg"}],"author":"DraVillanueva","twitter_card":"summary_large_image","twitter_misc":{"Escrito por":"DraVillanueva","Tiempo de lectura":"2 minutos"},"schema":{"@context":"https:\/\/schema.org","@graph":[{"@type":"Article","@id":"https:\/\/dravillanueva.com\/medicina-estetica\/behind-beauty-2022\/#article","isPartOf":{"@id":"https:\/\/dravillanueva.com\/medicina-estetica\/behind-beauty-2022\/"},"author":{"name":"DraVillanueva","@id":"https:\/\/dravillanueva.com\/medicina-estetica\/#\/schema\/person\/20e8812d42e5ab44742cc792ef5804f3"},"headline":"BEHIND BEAUTY 2022","datePublished":"2022-10-25T08:09:02+00:00","dateModified":"2023-02-09T10:00:41+00:00","mainEntityOfPage":{"@id":"https:\/\/dravillanueva.com\/medicina-estetica\/behind-beauty-2022\/"},"wordCount":408,"commentCount":0,"image":{"@id":"https:\/\/dravillanueva.com\/medicina-estetica\/behind-beauty-2022\/#primaryimage"},"thumbnailUrl":"https:\/\/dravillanueva.com\/medicina-estetica\/wp-content\/uploads\/Behind-Beauty.jpeg","keywords":["allergan","Dra. Villanueva","medicina est\u00e9tica","neuromoduladores"],"articleSection":["Blog"],"inLanguage":"es","potentialAction":[{"@type":"CommentAction","name":"Comment","target":["https:\/\/dravillanueva.com\/medicina-estetica\/behind-beauty-2022\/#respond"]}]},{"@type":"WebPage","@id":"https:\/\/dravillanueva.com\/medicina-estetica\/behind-beauty-2022\/","url":"https:\/\/dravillanueva.com\/medicina-estetica\/behind-beauty-2022\/","name":"BEHIND BEAUTY 2022 - Dravillanueva.com","isPartOf":{"@id":"https:\/\/dravillanueva.com\/medicina-estetica\/#website"},"primaryImageOfPage":{"@id":"https:\/\/dravillanueva.com\/medicina-estetica\/behind-beauty-2022\/#primaryimage"},"image":{"@id":"https:\/\/dravillanueva.com\/medicina-estetica\/behind-beauty-2022\/#primaryimage"},"thumbnailUrl":"https:\/\/dravillanueva.com\/medicina-estetica\/wp-content\/uploads\/Behind-Beauty.jpeg","datePublished":"2022-10-25T08:09:02+00:00","dateModified":"2023-02-09T10:00:41+00:00","author":{"@id":"https:\/\/dravillanueva.com\/medicina-estetica\/#\/schema\/person\/20e8812d42e5ab44742cc792ef5804f3"},"description":"Este pasado s\u00e1bado asist\u00ed en Madrid a un evento cient\u00edfico organizado por Allergan Aesthetics al que han llamado Behind Beauty, es decir, detr\u00e1s de la belleza.","breadcrumb":{"@id":"https:\/\/dravillanueva.com\/medicina-estetica\/behind-beauty-2022\/#breadcrumb"},"inLanguage":"es","potentialAction":[{"@type":"ReadAction","target":["https:\/\/dravillanueva.com\/medicina-estetica\/behind-beauty-2022\/"]}]},{"@type":"ImageObject","inLanguage":"es","@id":"https:\/\/dravillanueva.com\/medicina-estetica\/behind-beauty-2022\/#primaryimage","url":"https:\/\/dravillanueva.com\/medicina-estetica\/wp-content\/uploads\/Behind-Beauty.jpeg","contentUrl":"https:\/\/dravillanueva.com\/medicina-estetica\/wp-content\/uploads\/Behind-Beauty.jpeg","width":1280,"height":1133},{"@type":"BreadcrumbList","@id":"https:\/\/dravillanueva.com\/medicina-estetica\/behind-beauty-2022\/#breadcrumb","itemListElement":[{"@type":"ListItem","position":1,"name":"Portada","item":"https:\/\/dravillanueva.com\/medicina-estetica\/"},{"@type":"ListItem","position":2,"name":"BEHIND BEAUTY 2022"}]},{"@type":"WebSite","@id":"https:\/\/dravillanueva.com\/medicina-estetica\/#website","url":"https:\/\/dravillanueva.com\/medicina-estetica\/","name":"Dravillanueva.com","description":"Especialista en Medicina Est\u00e9tica","potentialAction":[{"@type":"SearchAction","target":{"@type":"EntryPoint","urlTemplate":"https:\/\/dravillanueva.com\/medicina-estetica\/?s={search_term_string}"},"query-input":{"@type":"PropertyValueSpecification","valueRequired":true,"valueName":"search_term_string"}}],"inLanguage":"es"},{"@type":"Person","@id":"https:\/\/dravillanueva.com\/medicina-estetica\/#\/schema\/person\/20e8812d42e5ab44742cc792ef5804f3","name":"DraVillanueva","image":{"@type":"ImageObject","inLanguage":"es","@id":"https:\/\/secure.gravatar.com\/avatar\/1554bf336e725006bdd1a783c2d2feb8b19e25103edad4c101832ad88c0297e3?s=96&d=mm&r=g","url":"https:\/\/secure.gravatar.com\/avatar\/1554bf336e725006bdd1a783c2d2feb8b19e25103edad4c101832ad88c0297e3?s=96&d=mm&r=g","contentUrl":"https:\/\/secure.gravatar.com\/avatar\/1554bf336e725006bdd1a783c2d2feb8b19e25103edad4c101832ad88c0297e3?s=96&d=mm&r=g","caption":"DraVillanueva"},"url":"https:\/\/dravillanueva.com\/medicina-estetica\/author\/dravillanueva\/"}]}},"amp_enabled":true,"_links":{"self":[{"href":"https:\/\/dravillanueva.com\/medicina-estetica\/wp-json\/wp\/v2\/posts\/15652","targetHints":{"allow":["GET"]}}],"collection":[{"href":"https:\/\/dravillanueva.com\/medicina-estetica\/wp-json\/wp\/v2\/posts"}],"about":[{"href":"https:\/\/dravillanueva.com\/medicina-estetica\/wp-json\/wp\/v2\/types\/post"}],"author":[{"embeddable":true,"href":"https:\/\/dravillanueva.com\/medicina-estetica\/wp-json\/wp\/v2\/users\/4"}],"replies":[{"embeddable":true,"href":"https:\/\/dravillanueva.com\/medicina-estetica\/wp-json\/wp\/v2\/comments?post=15652"}],"version-history":[{"count":3,"href":"https:\/\/dravillanueva.com\/medicina-estetica\/wp-json\/wp\/v2\/posts\/15652\/revisions"}],"predecessor-version":[{"id":15771,"href":"https:\/\/dravillanueva.com\/medicina-estetica\/wp-json\/wp\/v2\/posts\/15652\/revisions\/15771"}],"wp:featuredmedia":[{"embeddable":true,"href":"https:\/\/dravillanueva.com\/medicina-estetica\/wp-json\/wp\/v2\/media\/15654"}],"wp:attachment":[{"href":"https:\/\/dravillanueva.com\/medicina-estetica\/wp-json\/wp\/v2\/media?parent=15652"}],"wp:term":[{"taxonomy":"category","embeddable":true,"href":"https:\/\/dravillanueva.com\/medicina-estetica\/wp-json\/wp\/v2\/categories?post=15652"},{"taxonomy":"post_tag","embeddable":true,"href":"https:\/\/dravillanueva.com\/medicina-estetica\/wp-json\/wp\/v2\/tags?post=15652"}],"curies":[{"name":"wp","href":"https:\/\/api.w.org\/{rel}","templated":true}]}}