
{"id":15411,"date":"2021-07-07T15:11:57","date_gmt":"2021-07-07T13:11:57","guid":{"rendered":"https:\/\/dravillanueva.com\/medicina-estetica\/?p=15411"},"modified":"2023-01-04T17:53:37","modified_gmt":"2023-01-04T15:53:37","slug":"toxin-summit-2021","status":"publish","type":"post","link":"https:\/\/dravillanueva.com\/medicina-estetica\/toxin-summit-2021\/","title":{"rendered":"TOXIN SUMMIT 2021"},"content":{"rendered":"<p class=\"p1\"><span class=\"s1\">Este pasado fin de semana he tenido el honor de participar como ponente en el TOXIN SUMMIT 2021, un encuentro de expertos en neuromoduladores tipo A que ha podido ser celebrado tras nueve meses de preparaci\u00f3n con todo nuestro grupo de trabajo. Esta ha sido mi primera ponencia presencial desde que empez\u00f3 la pandemia. En el encuentro, adem\u00e1s, he podido compartir experiencias con 150 colegas que han acudido al evento y a\u00fan m\u00e1s en <i>streaming<\/i>. Estaba ilusionada a la vez que nerviosa. <\/span><\/p>\n<h4 class=\"p1\"><span class=\"s1\">Mi ponencia en TOXIN SUMMIT 2021<\/span><\/h4>\n<p class=\"p1\"><span class=\"s1\">Vers\u00f3 sobre la influencia de la musculatura de la cara en la expresi\u00f3n de las emociones y c\u00f3mo tambi\u00e9n nuestros gestos influyen en nuestras emociones y en las de los dem\u00e1s. Por ejemplo, si nuestro entrecejo siempre est\u00e1 fruncido, le damos a nuestro cerebro la informaci\u00f3n de que estamos tristes o malhumorados, as\u00ed como a las personas de nuestro alrededor, que seguramente responden diferente a una expresi\u00f3n relajada y amable. El neuromodulador bien utilizado puede ayudarnos a modular nuestras expresiones negativas.<\/span><\/p>\n<p class=\"p1\"><span class=\"s1\">Compartimos jornada con excelentes profesionales espa\u00f1oles y extranjeros, como la Dra. Patricia Ogilvie, que es un referente a nivel mundial.<\/span><\/p>\n<p class=\"p1\"><span class=\"s1\">Fue una jornada emocionante por poder reencontrarnos con muchos compa\u00f1eros y por compartir conocimientos tanto dentro como fuera de la sala; de hecho, os dir\u00e9 que aprendemos mucho de la experiencia de los dem\u00e1s en las conversaciones de pasillo.<\/span><\/p>\n<p class=\"p1\"><span class=\"s1\">La Dra. Sara Carrasco nos explic\u00f3 los \u00faltimos e interesantes estudios publicados sobre Vistabel, el neuromodulador con m\u00e1s estudios cient\u00edficos del mercado y m\u00e1s experiencia cl\u00ednica, y la ciencia que hay detr\u00e1s de los tratamientos con Vistabel.<\/span><\/p>\n<p class=\"p1\"><span class=\"s1\">La Dra. Ogilvie, por otro lado, nos traslad\u00f3 los resultados de interesantes estudios multic\u00e9ntricos de eficacia y satisfacci\u00f3n del paciente con tratamientos solo de neuromoduladores o combinados con \u00e1cido hialur\u00f3nico.<\/span><\/p>\n<p class=\"p1\"><span class=\"s1\">En mi ponencia, intent\u00e9 compartir la importancia del buen diagn\u00f3stico y del conocimiento de la anatom\u00eda y los diferentes patrones musculares para conseguir resultados naturales y que nos permitan una expresi\u00f3n real de nuestras emociones, a la vez que retrasan nuestro envejecimiento y tienen un impacto positivo en nuestra calidad de vida. No se trata ni mucho menos solo de quitar arrugas, sino de mejorar expresiones de cansancio, flacidez o enfado, tan frecuentes en estos d\u00edas, conservando un movimiento natural.<\/span><\/p>\n<p class=\"p1\"><span class=\"s1\">En la mesa redonda pudimos resolver dudas y poner en com\u00fan diferentes opiniones de grandes compa\u00f1eros y amigos: la Dra. Patricia Ogilvie, Dra. Elia Ro\u00f3, Dr. Carlos Jarne, Dra. Sara Carrasco, Dra. Paula Andrea Ben\u00edtez, Dr. Luis Uva, Dr. Fernando Garc\u00eda Monforte, Dra. Rosa del R\u00edo y Dr. Jes\u00fas Sierra. <\/span><\/p>\n<h4>Agradecimientos:<\/h4>\n<p class=\"p1\"><span class=\"s1\">Quiero dar las gracias, tambi\u00e9n, a Allergan por hacer posible estos encuentros, as\u00ed como a su equipo \u2014Carolina Mart\u00edn Rodr\u00edguez y Carolina Ladera\u2014 por coordinar estos meses de trabajo, que continuaremos en septiembre para poder realizar otra reuni\u00f3n sobre el neuromodulador. <\/span><\/p>\n","protected":false},"excerpt":{"rendered":"<p>Este pasado fin de semana he tenido el honor de participar como ponente en el TOXIN SUMMIT 2021, un encuentro de expertos en neuromoduladores tipo A que ha podido ser celebrado tras nueve meses de preparaci\u00f3n con todo nuestro grupo de trabajo. Esta ha sido mi primera ponencia presencial desde que empez\u00f3 la pandemia. En [&#8230;]\n","protected":false},"author":4,"featured_media":15412,"comment_status":"open","ping_status":"open","sticky":false,"template":"","format":"standard","meta":{"h5ap_radio_sources":[],"footnotes":""},"categories":[76],"tags":[116,63,65],"class_list":["post-15411","post","type-post","status-publish","format-standard","has-post-thumbnail","hentry","category-blog","tag-allergan","tag-dra-villanueva","tag-medicina-estetica"],"yoast_head":"<!-- This site is optimized with the Yoast SEO plugin v27.5 - https:\/\/yoast.com\/product\/yoast-seo-wordpress\/ -->\n<title>TOXIN SUMMIT 2021, un encuentro de expertos en neuromodulador<\/title>\n<meta name=\"description\" content=\"Este encuentro TOXIN SUMMIT 2021 se ha celebrado de forma presencial tras nueve meses de preparaci\u00f3n con todo nuestro grupo de trabajo.\" \/>\n<meta name=\"robots\" content=\"index, follow, max-snippet:-1, max-image-preview:large, max-video-preview:-1\" \/>\n<link rel=\"canonical\" href=\"https:\/\/dravillanueva.com\/medicina-estetica\/toxin-summit-2021\/\" \/>\n<meta property=\"og:locale\" content=\"es_ES\" \/>\n<meta property=\"og:type\" content=\"article\" \/>\n<meta property=\"og:title\" content=\"TOXIN SUMMIT 2021, un encuentro de expertos en neuromodulador\" \/>\n<meta property=\"og:description\" content=\"Este encuentro TOXIN SUMMIT 2021 se ha celebrado de forma presencial tras nueve meses de preparaci\u00f3n con todo nuestro grupo de trabajo.\" \/>\n<meta property=\"og:url\" content=\"https:\/\/dravillanueva.com\/medicina-estetica\/toxin-summit-2021\/\" \/>\n<meta property=\"og:site_name\" content=\"Dravillanueva.com\" \/>\n<meta property=\"article:published_time\" content=\"2021-07-07T13:11:57+00:00\" \/>\n<meta property=\"article:modified_time\" content=\"2023-01-04T15:53:37+00:00\" \/>\n<meta property=\"og:image\" content=\"https:\/\/dravillanueva.com\/medicina-estetica\/wp-content\/uploads\/Toxin-Summit-scaled.jpg\" \/>\n\t<meta property=\"og:image:width\" content=\"2560\" \/>\n\t<meta property=\"og:image:height\" content=\"1920\" \/>\n\t<meta property=\"og:image:type\" content=\"image\/jpeg\" \/>\n<meta name=\"author\" content=\"DraVillanueva\" \/>\n<meta name=\"twitter:card\" content=\"summary_large_image\" \/>\n<meta name=\"twitter:label1\" content=\"Escrito por\" \/>\n\t<meta name=\"twitter:data1\" content=\"DraVillanueva\" \/>\n\t<meta name=\"twitter:label2\" content=\"Tiempo de lectura\" \/>\n\t<meta name=\"twitter:data2\" content=\"3 minutos\" \/>\n<script type=\"application\/ld+json\" class=\"yoast-schema-graph\">{\"@context\":\"https:\\\/\\\/schema.org\",\"@graph\":[{\"@type\":\"Article\",\"@id\":\"https:\\\/\\\/dravillanueva.com\\\/medicina-estetica\\\/toxin-summit-2021\\\/#article\",\"isPartOf\":{\"@id\":\"https:\\\/\\\/dravillanueva.com\\\/medicina-estetica\\\/toxin-summit-2021\\\/\"},\"author\":{\"name\":\"DraVillanueva\",\"@id\":\"https:\\\/\\\/dravillanueva.com\\\/medicina-estetica\\\/#\\\/schema\\\/person\\\/20e8812d42e5ab44742cc792ef5804f3\"},\"headline\":\"TOXIN SUMMIT 2021\",\"datePublished\":\"2021-07-07T13:11:57+00:00\",\"dateModified\":\"2023-01-04T15:53:37+00:00\",\"mainEntityOfPage\":{\"@id\":\"https:\\\/\\\/dravillanueva.com\\\/medicina-estetica\\\/toxin-summit-2021\\\/\"},\"wordCount\":501,\"commentCount\":0,\"image\":{\"@id\":\"https:\\\/\\\/dravillanueva.com\\\/medicina-estetica\\\/toxin-summit-2021\\\/#primaryimage\"},\"thumbnailUrl\":\"https:\\\/\\\/dravillanueva.com\\\/medicina-estetica\\\/wp-content\\\/uploads\\\/Toxin-Summit-scaled.jpg\",\"keywords\":[\"allergan\",\"Dra. Villanueva\",\"medicina est\u00e9tica\"],\"articleSection\":[\"Blog\"],\"inLanguage\":\"es\",\"potentialAction\":[{\"@type\":\"CommentAction\",\"name\":\"Comment\",\"target\":[\"https:\\\/\\\/dravillanueva.com\\\/medicina-estetica\\\/toxin-summit-2021\\\/#respond\"]}]},{\"@type\":\"WebPage\",\"@id\":\"https:\\\/\\\/dravillanueva.com\\\/medicina-estetica\\\/toxin-summit-2021\\\/\",\"url\":\"https:\\\/\\\/dravillanueva.com\\\/medicina-estetica\\\/toxin-summit-2021\\\/\",\"name\":\"TOXIN SUMMIT 2021, un encuentro de expertos en neuromodulador\",\"isPartOf\":{\"@id\":\"https:\\\/\\\/dravillanueva.com\\\/medicina-estetica\\\/#website\"},\"primaryImageOfPage\":{\"@id\":\"https:\\\/\\\/dravillanueva.com\\\/medicina-estetica\\\/toxin-summit-2021\\\/#primaryimage\"},\"image\":{\"@id\":\"https:\\\/\\\/dravillanueva.com\\\/medicina-estetica\\\/toxin-summit-2021\\\/#primaryimage\"},\"thumbnailUrl\":\"https:\\\/\\\/dravillanueva.com\\\/medicina-estetica\\\/wp-content\\\/uploads\\\/Toxin-Summit-scaled.jpg\",\"datePublished\":\"2021-07-07T13:11:57+00:00\",\"dateModified\":\"2023-01-04T15:53:37+00:00\",\"author\":{\"@id\":\"https:\\\/\\\/dravillanueva.com\\\/medicina-estetica\\\/#\\\/schema\\\/person\\\/20e8812d42e5ab44742cc792ef5804f3\"},\"description\":\"Este encuentro TOXIN SUMMIT 2021 se ha celebrado de forma presencial tras nueve meses de preparaci\u00f3n con todo nuestro grupo de trabajo.\",\"breadcrumb\":{\"@id\":\"https:\\\/\\\/dravillanueva.com\\\/medicina-estetica\\\/toxin-summit-2021\\\/#breadcrumb\"},\"inLanguage\":\"es\",\"potentialAction\":[{\"@type\":\"ReadAction\",\"target\":[\"https:\\\/\\\/dravillanueva.com\\\/medicina-estetica\\\/toxin-summit-2021\\\/\"]}]},{\"@type\":\"ImageObject\",\"inLanguage\":\"es\",\"@id\":\"https:\\\/\\\/dravillanueva.com\\\/medicina-estetica\\\/toxin-summit-2021\\\/#primaryimage\",\"url\":\"https:\\\/\\\/dravillanueva.com\\\/medicina-estetica\\\/wp-content\\\/uploads\\\/Toxin-Summit-scaled.jpg\",\"contentUrl\":\"https:\\\/\\\/dravillanueva.com\\\/medicina-estetica\\\/wp-content\\\/uploads\\\/Toxin-Summit-scaled.jpg\",\"width\":2560,\"height\":1920,\"caption\":\"TOXIN SUMMIT\"},{\"@type\":\"BreadcrumbList\",\"@id\":\"https:\\\/\\\/dravillanueva.com\\\/medicina-estetica\\\/toxin-summit-2021\\\/#breadcrumb\",\"itemListElement\":[{\"@type\":\"ListItem\",\"position\":1,\"name\":\"Portada\",\"item\":\"https:\\\/\\\/dravillanueva.com\\\/medicina-estetica\\\/\"},{\"@type\":\"ListItem\",\"position\":2,\"name\":\"TOXIN SUMMIT 2021\"}]},{\"@type\":\"WebSite\",\"@id\":\"https:\\\/\\\/dravillanueva.com\\\/medicina-estetica\\\/#website\",\"url\":\"https:\\\/\\\/dravillanueva.com\\\/medicina-estetica\\\/\",\"name\":\"Dravillanueva.com\",\"description\":\"Especialista en Medicina Est\u00e9tica\",\"potentialAction\":[{\"@type\":\"SearchAction\",\"target\":{\"@type\":\"EntryPoint\",\"urlTemplate\":\"https:\\\/\\\/dravillanueva.com\\\/medicina-estetica\\\/?s={search_term_string}\"},\"query-input\":{\"@type\":\"PropertyValueSpecification\",\"valueRequired\":true,\"valueName\":\"search_term_string\"}}],\"inLanguage\":\"es\"},{\"@type\":\"Person\",\"@id\":\"https:\\\/\\\/dravillanueva.com\\\/medicina-estetica\\\/#\\\/schema\\\/person\\\/20e8812d42e5ab44742cc792ef5804f3\",\"name\":\"DraVillanueva\",\"image\":{\"@type\":\"ImageObject\",\"inLanguage\":\"es\",\"@id\":\"https:\\\/\\\/secure.gravatar.com\\\/avatar\\\/1554bf336e725006bdd1a783c2d2feb8b19e25103edad4c101832ad88c0297e3?s=96&d=mm&r=g\",\"url\":\"https:\\\/\\\/secure.gravatar.com\\\/avatar\\\/1554bf336e725006bdd1a783c2d2feb8b19e25103edad4c101832ad88c0297e3?s=96&d=mm&r=g\",\"contentUrl\":\"https:\\\/\\\/secure.gravatar.com\\\/avatar\\\/1554bf336e725006bdd1a783c2d2feb8b19e25103edad4c101832ad88c0297e3?s=96&d=mm&r=g\",\"caption\":\"DraVillanueva\"},\"url\":\"https:\\\/\\\/dravillanueva.com\\\/medicina-estetica\\\/author\\\/dravillanueva\\\/\"}]}<\/script>\n<!-- \/ Yoast SEO plugin. -->","yoast_head_json":{"title":"TOXIN SUMMIT 2021, un encuentro de expertos en neuromodulador","description":"Este encuentro TOXIN SUMMIT 2021 se ha celebrado de forma presencial tras nueve meses de preparaci\u00f3n con todo nuestro grupo de trabajo.","robots":{"index":"index","follow":"follow","max-snippet":"max-snippet:-1","max-image-preview":"max-image-preview:large","max-video-preview":"max-video-preview:-1"},"canonical":"https:\/\/dravillanueva.com\/medicina-estetica\/toxin-summit-2021\/","og_locale":"es_ES","og_type":"article","og_title":"TOXIN SUMMIT 2021, un encuentro de expertos en neuromodulador","og_description":"Este encuentro TOXIN SUMMIT 2021 se ha celebrado de forma presencial tras nueve meses de preparaci\u00f3n con todo nuestro grupo de trabajo.","og_url":"https:\/\/dravillanueva.com\/medicina-estetica\/toxin-summit-2021\/","og_site_name":"Dravillanueva.com","article_published_time":"2021-07-07T13:11:57+00:00","article_modified_time":"2023-01-04T15:53:37+00:00","og_image":[{"width":2560,"height":1920,"url":"https:\/\/dravillanueva.com\/medicina-estetica\/wp-content\/uploads\/Toxin-Summit-scaled.jpg","type":"image\/jpeg"}],"author":"DraVillanueva","twitter_card":"summary_large_image","twitter_misc":{"Escrito por":"DraVillanueva","Tiempo de lectura":"3 minutos"},"schema":{"@context":"https:\/\/schema.org","@graph":[{"@type":"Article","@id":"https:\/\/dravillanueva.com\/medicina-estetica\/toxin-summit-2021\/#article","isPartOf":{"@id":"https:\/\/dravillanueva.com\/medicina-estetica\/toxin-summit-2021\/"},"author":{"name":"DraVillanueva","@id":"https:\/\/dravillanueva.com\/medicina-estetica\/#\/schema\/person\/20e8812d42e5ab44742cc792ef5804f3"},"headline":"TOXIN SUMMIT 2021","datePublished":"2021-07-07T13:11:57+00:00","dateModified":"2023-01-04T15:53:37+00:00","mainEntityOfPage":{"@id":"https:\/\/dravillanueva.com\/medicina-estetica\/toxin-summit-2021\/"},"wordCount":501,"commentCount":0,"image":{"@id":"https:\/\/dravillanueva.com\/medicina-estetica\/toxin-summit-2021\/#primaryimage"},"thumbnailUrl":"https:\/\/dravillanueva.com\/medicina-estetica\/wp-content\/uploads\/Toxin-Summit-scaled.jpg","keywords":["allergan","Dra. Villanueva","medicina est\u00e9tica"],"articleSection":["Blog"],"inLanguage":"es","potentialAction":[{"@type":"CommentAction","name":"Comment","target":["https:\/\/dravillanueva.com\/medicina-estetica\/toxin-summit-2021\/#respond"]}]},{"@type":"WebPage","@id":"https:\/\/dravillanueva.com\/medicina-estetica\/toxin-summit-2021\/","url":"https:\/\/dravillanueva.com\/medicina-estetica\/toxin-summit-2021\/","name":"TOXIN SUMMIT 2021, un encuentro de expertos en neuromodulador","isPartOf":{"@id":"https:\/\/dravillanueva.com\/medicina-estetica\/#website"},"primaryImageOfPage":{"@id":"https:\/\/dravillanueva.com\/medicina-estetica\/toxin-summit-2021\/#primaryimage"},"image":{"@id":"https:\/\/dravillanueva.com\/medicina-estetica\/toxin-summit-2021\/#primaryimage"},"thumbnailUrl":"https:\/\/dravillanueva.com\/medicina-estetica\/wp-content\/uploads\/Toxin-Summit-scaled.jpg","datePublished":"2021-07-07T13:11:57+00:00","dateModified":"2023-01-04T15:53:37+00:00","author":{"@id":"https:\/\/dravillanueva.com\/medicina-estetica\/#\/schema\/person\/20e8812d42e5ab44742cc792ef5804f3"},"description":"Este encuentro TOXIN SUMMIT 2021 se ha celebrado de forma presencial tras nueve meses de preparaci\u00f3n con todo nuestro grupo de trabajo.","breadcrumb":{"@id":"https:\/\/dravillanueva.com\/medicina-estetica\/toxin-summit-2021\/#breadcrumb"},"inLanguage":"es","potentialAction":[{"@type":"ReadAction","target":["https:\/\/dravillanueva.com\/medicina-estetica\/toxin-summit-2021\/"]}]},{"@type":"ImageObject","inLanguage":"es","@id":"https:\/\/dravillanueva.com\/medicina-estetica\/toxin-summit-2021\/#primaryimage","url":"https:\/\/dravillanueva.com\/medicina-estetica\/wp-content\/uploads\/Toxin-Summit-scaled.jpg","contentUrl":"https:\/\/dravillanueva.com\/medicina-estetica\/wp-content\/uploads\/Toxin-Summit-scaled.jpg","width":2560,"height":1920,"caption":"TOXIN SUMMIT"},{"@type":"BreadcrumbList","@id":"https:\/\/dravillanueva.com\/medicina-estetica\/toxin-summit-2021\/#breadcrumb","itemListElement":[{"@type":"ListItem","position":1,"name":"Portada","item":"https:\/\/dravillanueva.com\/medicina-estetica\/"},{"@type":"ListItem","position":2,"name":"TOXIN SUMMIT 2021"}]},{"@type":"WebSite","@id":"https:\/\/dravillanueva.com\/medicina-estetica\/#website","url":"https:\/\/dravillanueva.com\/medicina-estetica\/","name":"Dravillanueva.com","description":"Especialista en Medicina Est\u00e9tica","potentialAction":[{"@type":"SearchAction","target":{"@type":"EntryPoint","urlTemplate":"https:\/\/dravillanueva.com\/medicina-estetica\/?s={search_term_string}"},"query-input":{"@type":"PropertyValueSpecification","valueRequired":true,"valueName":"search_term_string"}}],"inLanguage":"es"},{"@type":"Person","@id":"https:\/\/dravillanueva.com\/medicina-estetica\/#\/schema\/person\/20e8812d42e5ab44742cc792ef5804f3","name":"DraVillanueva","image":{"@type":"ImageObject","inLanguage":"es","@id":"https:\/\/secure.gravatar.com\/avatar\/1554bf336e725006bdd1a783c2d2feb8b19e25103edad4c101832ad88c0297e3?s=96&d=mm&r=g","url":"https:\/\/secure.gravatar.com\/avatar\/1554bf336e725006bdd1a783c2d2feb8b19e25103edad4c101832ad88c0297e3?s=96&d=mm&r=g","contentUrl":"https:\/\/secure.gravatar.com\/avatar\/1554bf336e725006bdd1a783c2d2feb8b19e25103edad4c101832ad88c0297e3?s=96&d=mm&r=g","caption":"DraVillanueva"},"url":"https:\/\/dravillanueva.com\/medicina-estetica\/author\/dravillanueva\/"}]}},"amp_enabled":true,"_links":{"self":[{"href":"https:\/\/dravillanueva.com\/medicina-estetica\/wp-json\/wp\/v2\/posts\/15411","targetHints":{"allow":["GET"]}}],"collection":[{"href":"https:\/\/dravillanueva.com\/medicina-estetica\/wp-json\/wp\/v2\/posts"}],"about":[{"href":"https:\/\/dravillanueva.com\/medicina-estetica\/wp-json\/wp\/v2\/types\/post"}],"author":[{"embeddable":true,"href":"https:\/\/dravillanueva.com\/medicina-estetica\/wp-json\/wp\/v2\/users\/4"}],"replies":[{"embeddable":true,"href":"https:\/\/dravillanueva.com\/medicina-estetica\/wp-json\/wp\/v2\/comments?post=15411"}],"version-history":[{"count":6,"href":"https:\/\/dravillanueva.com\/medicina-estetica\/wp-json\/wp\/v2\/posts\/15411\/revisions"}],"predecessor-version":[{"id":15737,"href":"https:\/\/dravillanueva.com\/medicina-estetica\/wp-json\/wp\/v2\/posts\/15411\/revisions\/15737"}],"wp:featuredmedia":[{"embeddable":true,"href":"https:\/\/dravillanueva.com\/medicina-estetica\/wp-json\/wp\/v2\/media\/15412"}],"wp:attachment":[{"href":"https:\/\/dravillanueva.com\/medicina-estetica\/wp-json\/wp\/v2\/media?parent=15411"}],"wp:term":[{"taxonomy":"category","embeddable":true,"href":"https:\/\/dravillanueva.com\/medicina-estetica\/wp-json\/wp\/v2\/categories?post=15411"},{"taxonomy":"post_tag","embeddable":true,"href":"https:\/\/dravillanueva.com\/medicina-estetica\/wp-json\/wp\/v2\/tags?post=15411"}],"curies":[{"name":"wp","href":"https:\/\/api.w.org\/{rel}","templated":true}]}}