
{"id":14093,"date":"2019-10-31T15:03:49","date_gmt":"2019-10-31T13:03:49","guid":{"rendered":"http:\/\/dravillanueva.com\/medicina-estetica\/?p=14093"},"modified":"2023-02-23T12:39:29","modified_gmt":"2023-02-23T10:39:29","slug":"new-york-new-york","status":"publish","type":"post","link":"https:\/\/dravillanueva.com\/medicina-estetica\/new-york-new-york\/","title":{"rendered":"\u00a1New York, New York!"},"content":{"rendered":"<p>A principios del mes de octubre estuve en New York en un curso de tratamientos de rejuvenecimiento facial con rellenos de \u00e1cido hialur\u00f3nico y neuromoduladores impartido por el <strong>Dr. Swift.<\/strong><\/p>\n<p>El <strong>Dr. Swift<\/strong>, cirujano pl\u00e1stico canadiense, es el introductor y m\u00e1ximo defensor en medicina est\u00e9tica del concepto del\u00a0<strong>n\u00famero Phi <\/strong>o n\u00famero \u00e1ureo la proporci\u00f3n de la belleza.<\/p>\n<h3><strong>El n\u00famero Phi\u00a0<\/strong><\/h3>\n<p>La proporci\u00f3n 1 \u2013 1,6\u00a0 es la denominada proporci\u00f3n aurea y es una relaci\u00f3n presente en la naturaleza y en nuestro cuerpo. Ya lo estudiaron en la antig\u00fcedad y Leonardo Da Vinci dibuj\u00f3 el Hombre de Vitruvio seg\u00fan esta proporci\u00f3n.<\/p>\n<p>El <strong>Dr. Swift<\/strong> mide con un aparatito especial denominado Caliper esta proporci\u00f3n en el rostro y con estas medidas trata la cara en lo que denominamos Beauthy<strong>phy<\/strong>cation o proceso de embellecimiento seg\u00fan las medidas del <strong>n\u00ba Phi<\/strong>.<\/p>\n<p>Estas medidas son \u00fatiles para medir la proporci\u00f3n. Y la proporci\u00f3n es important\u00edsima para la belleza.<\/p>\n<p>El curso de tres d\u00edas incluy\u00f3 una interesant\u00edsima parte de anatom\u00eda impartida por el <strong>Dr. Cotofana<\/strong> anat\u00f3mico de prestigio y tambi\u00e9n como utilizar el caliper en nuestra pr\u00e1ctica diaria.<\/p>\n<p>A la hora de inyectar durante las pr\u00e1cticas con pacientes, la t\u00e9cnica del <strong>Dr. Swift<\/strong> es especial y aunque ya la conoc\u00eda creo que estos tres d\u00edas de curso me han aportado trucos nuevos y conocimientos que me traigo de New York. Para aplicarlos en mi d\u00eda a d\u00eda, siempre tenemos que intentar aprender para mejorar y ya he comentado muchas veces que el compartir conocimientos es muy enriquecedor.<\/p>\n<p>Los tratamientos con \u00e1cido hialur\u00f3nico y neuromoduladores tanto para embellecer como para rejuvenecer y prevenir est\u00e1n experimentando en los \u00faltimos a\u00f1os un avance espectacular con la mejora de las t\u00e9cnicas y de los productos, lo que nos obliga a estar siempre al d\u00eda para poder ofreceros lo mejor.<\/p>\n<p>Estoy muy contenta de haber asistido a este curso por la visi\u00f3n diferente que me ha aportado y tambi\u00e9n la posibilidad de pasear un poco por Brooklyn \u00a0y Manhattan.<\/p>\n  <style>\n    #gallery-436237304 .grid-col-1{height: 500px}\n    #gallery-436237304 .grid-col-1-2{height: 250px}\n    #gallery-436237304 .grid-col-1-3{height:166.66666666667px}\n    #gallery-436237304 .grid-col-2-3{height: 333.33333333333px}\n    #gallery-436237304 .grid-col-1-4{height: 125px}\n    #gallery-436237304 .grid-col-3-4{height: 375px}\n\n\n        \/* Tablet *\/\n    @media (max-width: 850px){\n      #gallery-436237304 .grid-col-1{height: 333.33333333333px}\n      #gallery-436237304 .grid-col-1-2{height: 166.66666666667px}\n      #gallery-436237304 .grid-col-1-3{height:111.11111111111px}\n      #gallery-436237304 .grid-col-2-3{height: 222.22222222222px}\n      #gallery-436237304 .grid-col-1-4{height: 83.333333333333px}\n      #gallery-436237304 .grid-col-3-4{height: 250px}\n    }\n    \n        \/* Mobile *\/\n    @media (max-width: 550px){\n      #gallery-436237304 .grid-col-1{height: 333.33333333333px}\n      #gallery-436237304 .grid-col-1-2{height: 166.66666666667px}\n      #gallery-436237304 .grid-col-1-3{height:111.11111111111px}\n      #gallery-436237304 .grid-col-2-3{height: 222.22222222222px}\n      #gallery-436237304 .grid-col-1-4{height: 83.333333333333px}\n      #gallery-436237304 .grid-col-3-4{height: 250px}\n    }\n    \n\n  <\/style>\n  \n  \n    <div id=\"gallery-436237304\" class=\"row  lightbox-multi-gallery row-grid\" data-packery-options='{\"itemSelector\": \".col\", \"gutter\": 0, \"presentageWidth\" : true}'>\n\n  <div class=\"gallery-col col grid-col grid-col-1 large-9 medium-12\" >\n          <div class=\"col-inner\">\n            <a class=\"\" href=\"https:\/\/dravillanueva.com\/medicina-estetica\/wp-content\/uploads\/drav-ny-4-600x800.jpeg\" title=\"\">            <div class=\"box has-hover gallery-box box-overlay dark box-text-center\">\n              <div class=\"box-image\" >\n                <img loading=\"lazy\" decoding=\"async\" width=\"600\" height=\"800\" src=\"https:\/\/dravillanueva.com\/medicina-estetica\/wp-content\/uploads\/drav-ny-4-600x800.jpeg\" class=\"attachment-large size-large\" alt=\"Dra Cristina Villanuevva con el Dr Swift\" ids=\"14099,14102,14101,14100,14098,14097,14096\" style=\"none\" type=\"grid\" grid=\"6\" grid_height=\"500px\" srcset=\"https:\/\/dravillanueva.com\/medicina-estetica\/wp-content\/uploads\/drav-ny-4-600x800.jpeg 600w, https:\/\/dravillanueva.com\/medicina-estetica\/wp-content\/uploads\/drav-ny-4-300x400.jpeg 300w, https:\/\/dravillanueva.com\/medicina-estetica\/wp-content\/uploads\/drav-ny-4.jpeg 768w\" sizes=\"auto, (max-width: 600px) 100vw, 600px\" \/>                                  <div class=\"overlay fill\"\n                      style=\"background-color: rgba(0,0,0,.15)\">\n                  <\/div>\n                                                              <\/div>\n              <div class=\"box-text text-left dark\" >\n                 <p><\/p>\n              <\/div>\n            <\/div>\n            <\/a>          <\/div>\n         <\/div><div class=\"gallery-col col grid-col grid-col-1-2 large-3 medium-6\" >\n          <div class=\"col-inner\">\n            <a class=\"\" href=\"https:\/\/dravillanueva.com\/medicina-estetica\/wp-content\/uploads\/drav-ny-8-599x800.jpeg\" title=\"\">            <div class=\"box has-hover gallery-box box-overlay dark box-text-center\">\n              <div class=\"box-image\" >\n                <img loading=\"lazy\" decoding=\"async\" width=\"599\" height=\"800\" src=\"https:\/\/dravillanueva.com\/medicina-estetica\/wp-content\/uploads\/drav-ny-8-599x800.jpeg\" class=\"attachment-large size-large\" alt=\"\" ids=\"14099,14102,14101,14100,14098,14097,14096\" style=\"none\" type=\"grid\" grid=\"6\" grid_height=\"500px\" srcset=\"https:\/\/dravillanueva.com\/medicina-estetica\/wp-content\/uploads\/drav-ny-8-599x800.jpeg 599w, https:\/\/dravillanueva.com\/medicina-estetica\/wp-content\/uploads\/drav-ny-8-300x400.jpeg 300w, https:\/\/dravillanueva.com\/medicina-estetica\/wp-content\/uploads\/drav-ny-8-600x801.jpeg 600w, https:\/\/dravillanueva.com\/medicina-estetica\/wp-content\/uploads\/drav-ny-8.jpeg 767w\" sizes=\"auto, (max-width: 599px) 100vw, 599px\" \/>                                  <div class=\"overlay fill\"\n                      style=\"background-color: rgba(0,0,0,.15)\">\n                  <\/div>\n                                                              <\/div>\n              <div class=\"box-text text-left dark\" >\n                 <p><\/p>\n              <\/div>\n            <\/div>\n            <\/a>          <\/div>\n         <\/div><div class=\"gallery-col col grid-col grid-col-1-2 large-3 medium-6\" >\n          <div class=\"col-inner\">\n            <a class=\"\" href=\"https:\/\/dravillanueva.com\/medicina-estetica\/wp-content\/uploads\/drav-ny-6-600x800.jpeg\" title=\"\">            <div class=\"box has-hover gallery-box box-overlay dark box-text-center\">\n              <div class=\"box-image\" >\n                <img loading=\"lazy\" decoding=\"async\" width=\"600\" height=\"800\" src=\"https:\/\/dravillanueva.com\/medicina-estetica\/wp-content\/uploads\/drav-ny-6-600x800.jpeg\" class=\"attachment-large size-large\" alt=\"\" ids=\"14099,14102,14101,14100,14098,14097,14096\" style=\"none\" type=\"grid\" grid=\"6\" grid_height=\"500px\" srcset=\"https:\/\/dravillanueva.com\/medicina-estetica\/wp-content\/uploads\/drav-ny-6-600x800.jpeg 600w, https:\/\/dravillanueva.com\/medicina-estetica\/wp-content\/uploads\/drav-ny-6-300x400.jpeg 300w, https:\/\/dravillanueva.com\/medicina-estetica\/wp-content\/uploads\/drav-ny-6.jpeg 768w\" sizes=\"auto, (max-width: 600px) 100vw, 600px\" \/>                                  <div class=\"overlay fill\"\n                      style=\"background-color: rgba(0,0,0,.15)\">\n                  <\/div>\n                                                              <\/div>\n              <div class=\"box-text text-left dark\" >\n                 <p><\/p>\n              <\/div>\n            <\/div>\n            <\/a>          <\/div>\n         <\/div><div class=\"gallery-col col grid-col grid-col-1-2 large-3 medium-6\" >\n          <div class=\"col-inner\">\n            <a class=\"\" href=\"https:\/\/dravillanueva.com\/medicina-estetica\/wp-content\/uploads\/drav-ny-5-600x800.jpeg\" title=\"\">            <div class=\"box has-hover gallery-box box-overlay dark box-text-center\">\n              <div class=\"box-image\" >\n                <img loading=\"lazy\" decoding=\"async\" width=\"600\" height=\"800\" src=\"https:\/\/dravillanueva.com\/medicina-estetica\/wp-content\/uploads\/drav-ny-5-600x800.jpeg\" class=\"attachment-large size-large\" alt=\"Dra Cristina Villanueva en Nueva York\" ids=\"14099,14102,14101,14100,14098,14097,14096\" style=\"none\" type=\"grid\" grid=\"6\" grid_height=\"500px\" srcset=\"https:\/\/dravillanueva.com\/medicina-estetica\/wp-content\/uploads\/drav-ny-5-600x800.jpeg 600w, https:\/\/dravillanueva.com\/medicina-estetica\/wp-content\/uploads\/drav-ny-5-300x400.jpeg 300w, https:\/\/dravillanueva.com\/medicina-estetica\/wp-content\/uploads\/drav-ny-5.jpeg 768w\" sizes=\"auto, (max-width: 600px) 100vw, 600px\" \/>                                  <div class=\"overlay fill\"\n                      style=\"background-color: rgba(0,0,0,.15)\">\n                  <\/div>\n                                                              <\/div>\n              <div class=\"box-text text-left dark\" >\n                 <p><\/p>\n              <\/div>\n            <\/div>\n            <\/a>          <\/div>\n         <\/div><div class=\"gallery-col col grid-col grid-col-1-2 large-3 medium-6\" >\n          <div class=\"col-inner\">\n            <a class=\"\" href=\"https:\/\/dravillanueva.com\/medicina-estetica\/wp-content\/uploads\/drav-ny-3-800x800.jpeg\" title=\"\">            <div class=\"box has-hover gallery-box box-overlay dark box-text-center\">\n              <div class=\"box-image\" >\n                <img loading=\"lazy\" decoding=\"async\" width=\"800\" height=\"800\" src=\"https:\/\/dravillanueva.com\/medicina-estetica\/wp-content\/uploads\/drav-ny-3-800x800.jpeg\" class=\"attachment-large size-large\" alt=\"\" ids=\"14099,14102,14101,14100,14098,14097,14096\" style=\"none\" type=\"grid\" grid=\"6\" grid_height=\"500px\" srcset=\"https:\/\/dravillanueva.com\/medicina-estetica\/wp-content\/uploads\/drav-ny-3-800x800.jpeg 800w, https:\/\/dravillanueva.com\/medicina-estetica\/wp-content\/uploads\/drav-ny-3-400x400.jpeg 400w, https:\/\/dravillanueva.com\/medicina-estetica\/wp-content\/uploads\/drav-ny-3-280x280.jpeg 280w, https:\/\/dravillanueva.com\/medicina-estetica\/wp-content\/uploads\/drav-ny-3-768x768.jpeg 768w, https:\/\/dravillanueva.com\/medicina-estetica\/wp-content\/uploads\/drav-ny-3-600x600.jpeg 600w, https:\/\/dravillanueva.com\/medicina-estetica\/wp-content\/uploads\/drav-ny-3.jpeg 1024w\" sizes=\"auto, (max-width: 800px) 100vw, 800px\" \/>                                  <div class=\"overlay fill\"\n                      style=\"background-color: rgba(0,0,0,.15)\">\n                  <\/div>\n                                                              <\/div>\n              <div class=\"box-text text-left dark\" >\n                 <p><\/p>\n              <\/div>\n            <\/div>\n            <\/a>          <\/div>\n         <\/div><div class=\"gallery-col col grid-col grid-col-1-2 large-3 medium-6\" >\n          <div class=\"col-inner\">\n            <a class=\"\" href=\"https:\/\/dravillanueva.com\/medicina-estetica\/wp-content\/uploads\/drav-ny-2-600x800.jpeg\" title=\"\">            <div class=\"box has-hover gallery-box box-overlay dark box-text-center\">\n              <div class=\"box-image\" >\n                <img loading=\"lazy\" decoding=\"async\" width=\"600\" height=\"800\" src=\"https:\/\/dravillanueva.com\/medicina-estetica\/wp-content\/uploads\/drav-ny-2-600x800.jpeg\" class=\"attachment-large size-large\" alt=\"Con el dr Swift\" ids=\"14099,14102,14101,14100,14098,14097,14096\" style=\"none\" type=\"grid\" grid=\"6\" grid_height=\"500px\" srcset=\"https:\/\/dravillanueva.com\/medicina-estetica\/wp-content\/uploads\/drav-ny-2-600x800.jpeg 600w, https:\/\/dravillanueva.com\/medicina-estetica\/wp-content\/uploads\/drav-ny-2-300x400.jpeg 300w, https:\/\/dravillanueva.com\/medicina-estetica\/wp-content\/uploads\/drav-ny-2.jpeg 768w\" sizes=\"auto, (max-width: 600px) 100vw, 600px\" \/>                                  <div class=\"overlay fill\"\n                      style=\"background-color: rgba(0,0,0,.15)\">\n                  <\/div>\n                                                              <\/div>\n              <div class=\"box-text text-left dark\" >\n                 <p><\/p>\n              <\/div>\n            <\/div>\n            <\/a>          <\/div>\n         <\/div><div class=\"gallery-col col grid-col grid-col-1-2 large-3 medium-6\" >\n          <div class=\"col-inner\">\n            <a class=\"\" href=\"https:\/\/dravillanueva.com\/medicina-estetica\/wp-content\/uploads\/drav-ny-1-800x800.jpeg\" title=\"\">            <div class=\"box has-hover gallery-box box-overlay dark box-text-center\">\n              <div class=\"box-image\" >\n                <img loading=\"lazy\" decoding=\"async\" width=\"800\" height=\"800\" src=\"https:\/\/dravillanueva.com\/medicina-estetica\/wp-content\/uploads\/drav-ny-1-800x800.jpeg\" class=\"attachment-large size-large\" alt=\"\" ids=\"14099,14102,14101,14100,14098,14097,14096\" style=\"none\" type=\"grid\" grid=\"6\" grid_height=\"500px\" srcset=\"https:\/\/dravillanueva.com\/medicina-estetica\/wp-content\/uploads\/drav-ny-1-800x800.jpeg 800w, https:\/\/dravillanueva.com\/medicina-estetica\/wp-content\/uploads\/drav-ny-1-400x400.jpeg 400w, https:\/\/dravillanueva.com\/medicina-estetica\/wp-content\/uploads\/drav-ny-1-280x280.jpeg 280w, https:\/\/dravillanueva.com\/medicina-estetica\/wp-content\/uploads\/drav-ny-1-768x768.jpeg 768w, https:\/\/dravillanueva.com\/medicina-estetica\/wp-content\/uploads\/drav-ny-1-600x600.jpeg 600w, https:\/\/dravillanueva.com\/medicina-estetica\/wp-content\/uploads\/drav-ny-1.jpeg 1024w\" sizes=\"auto, (max-width: 800px) 100vw, 800px\" \/>                                  <div class=\"overlay fill\"\n                      style=\"background-color: rgba(0,0,0,.15)\">\n                  <\/div>\n                                                              <\/div>\n              <div class=\"box-text text-left dark\" >\n                 <p><\/p>\n              <\/div>\n            <\/div>\n            <\/a>          <\/div>\n         <\/div><\/div>\n","protected":false},"excerpt":{"rendered":"<p>Ya os he hablado otras veces de los labios, pero es que nuestros labios son tan especiales que se merecen hablar de ellos una vez m\u00e1s.<\/p>\n","protected":false},"author":4,"featured_media":14094,"comment_status":"open","ping_status":"open","sticky":false,"template":"","format":"standard","meta":{"h5ap_radio_sources":[],"footnotes":""},"categories":[74],"tags":[272,273,274,275,276],"class_list":["post-14093","post","type-post","status-publish","format-standard","has-post-thumbnail","hentry","category-formacion","tag-caliper","tag-dr-swift","tag-new-york","tag-nueva-york","tag-numero-phi"],"yoast_head":"<!-- This site is optimized with the Yoast SEO plugin v27.5 - https:\/\/yoast.com\/product\/yoast-seo-wordpress\/ -->\n<title>\u00a1New York, New York! - Dravillanueva.com<\/title>\n<meta name=\"description\" content=\"A principios de octubre estuve en New York en un curso de tratamientos de rejuvenecimiento facial con rellenos de \u00e1cido hialur\u00f3nico y neuromodulador.\" \/>\n<meta name=\"robots\" content=\"index, follow, max-snippet:-1, max-image-preview:large, max-video-preview:-1\" \/>\n<link rel=\"canonical\" href=\"https:\/\/dravillanueva.com\/medicina-estetica\/new-york-new-york\/\" \/>\n<meta property=\"og:locale\" content=\"es_ES\" \/>\n<meta property=\"og:type\" content=\"article\" \/>\n<meta property=\"og:title\" content=\"\u00a1New York, New York! - Dravillanueva.com\" \/>\n<meta property=\"og:description\" content=\"A principios de octubre estuve en New York en un curso de tratamientos de rejuvenecimiento facial con rellenos de \u00e1cido hialur\u00f3nico y neuromodulador.\" \/>\n<meta property=\"og:url\" content=\"https:\/\/dravillanueva.com\/medicina-estetica\/new-york-new-york\/\" \/>\n<meta property=\"og:site_name\" content=\"Dravillanueva.com\" \/>\n<meta property=\"article:published_time\" content=\"2019-10-31T13:03:49+00:00\" \/>\n<meta property=\"article:modified_time\" content=\"2023-02-23T10:39:29+00:00\" \/>\n<meta property=\"og:image\" content=\"https:\/\/dravillanueva.com\/medicina-estetica\/wp-content\/uploads\/drav-ny-7.jpeg\" \/>\n\t<meta property=\"og:image:width\" content=\"1600\" \/>\n\t<meta property=\"og:image:height\" content=\"1200\" \/>\n\t<meta property=\"og:image:type\" content=\"image\/jpeg\" \/>\n<meta name=\"author\" content=\"DraVillanueva\" \/>\n<meta name=\"twitter:card\" content=\"summary_large_image\" \/>\n<meta name=\"twitter:label1\" content=\"Escrito por\" \/>\n\t<meta name=\"twitter:data1\" content=\"DraVillanueva\" \/>\n\t<meta name=\"twitter:label2\" content=\"Tiempo de lectura\" \/>\n\t<meta name=\"twitter:data2\" content=\"2 minutos\" \/>\n<script type=\"application\/ld+json\" class=\"yoast-schema-graph\">{\"@context\":\"https:\\\/\\\/schema.org\",\"@graph\":[{\"@type\":\"Article\",\"@id\":\"https:\\\/\\\/dravillanueva.com\\\/medicina-estetica\\\/new-york-new-york\\\/#article\",\"isPartOf\":{\"@id\":\"https:\\\/\\\/dravillanueva.com\\\/medicina-estetica\\\/new-york-new-york\\\/\"},\"author\":{\"name\":\"DraVillanueva\",\"@id\":\"https:\\\/\\\/dravillanueva.com\\\/medicina-estetica\\\/#\\\/schema\\\/person\\\/20e8812d42e5ab44742cc792ef5804f3\"},\"headline\":\"\u00a1New York, New York!\",\"datePublished\":\"2019-10-31T13:03:49+00:00\",\"dateModified\":\"2023-02-23T10:39:29+00:00\",\"mainEntityOfPage\":{\"@id\":\"https:\\\/\\\/dravillanueva.com\\\/medicina-estetica\\\/new-york-new-york\\\/\"},\"wordCount\":379,\"commentCount\":0,\"image\":{\"@id\":\"https:\\\/\\\/dravillanueva.com\\\/medicina-estetica\\\/new-york-new-york\\\/#primaryimage\"},\"thumbnailUrl\":\"https:\\\/\\\/dravillanueva.com\\\/medicina-estetica\\\/wp-content\\\/uploads\\\/drav-ny-7.jpeg\",\"keywords\":[\"Caliper\",\"Dr. Swift\",\"New York\",\"Nueva York\",\"N\u00famero Phi\"],\"articleSection\":[\"Formaci\u00f3n\"],\"inLanguage\":\"es\",\"potentialAction\":[{\"@type\":\"CommentAction\",\"name\":\"Comment\",\"target\":[\"https:\\\/\\\/dravillanueva.com\\\/medicina-estetica\\\/new-york-new-york\\\/#respond\"]}]},{\"@type\":\"WebPage\",\"@id\":\"https:\\\/\\\/dravillanueva.com\\\/medicina-estetica\\\/new-york-new-york\\\/\",\"url\":\"https:\\\/\\\/dravillanueva.com\\\/medicina-estetica\\\/new-york-new-york\\\/\",\"name\":\"\u00a1New York, New York! - Dravillanueva.com\",\"isPartOf\":{\"@id\":\"https:\\\/\\\/dravillanueva.com\\\/medicina-estetica\\\/#website\"},\"primaryImageOfPage\":{\"@id\":\"https:\\\/\\\/dravillanueva.com\\\/medicina-estetica\\\/new-york-new-york\\\/#primaryimage\"},\"image\":{\"@id\":\"https:\\\/\\\/dravillanueva.com\\\/medicina-estetica\\\/new-york-new-york\\\/#primaryimage\"},\"thumbnailUrl\":\"https:\\\/\\\/dravillanueva.com\\\/medicina-estetica\\\/wp-content\\\/uploads\\\/drav-ny-7.jpeg\",\"datePublished\":\"2019-10-31T13:03:49+00:00\",\"dateModified\":\"2023-02-23T10:39:29+00:00\",\"author\":{\"@id\":\"https:\\\/\\\/dravillanueva.com\\\/medicina-estetica\\\/#\\\/schema\\\/person\\\/20e8812d42e5ab44742cc792ef5804f3\"},\"description\":\"A principios de octubre estuve en New York en un curso de tratamientos de rejuvenecimiento facial con rellenos de \u00e1cido hialur\u00f3nico y neuromodulador.\",\"breadcrumb\":{\"@id\":\"https:\\\/\\\/dravillanueva.com\\\/medicina-estetica\\\/new-york-new-york\\\/#breadcrumb\"},\"inLanguage\":\"es\",\"potentialAction\":[{\"@type\":\"ReadAction\",\"target\":[\"https:\\\/\\\/dravillanueva.com\\\/medicina-estetica\\\/new-york-new-york\\\/\"]}]},{\"@type\":\"ImageObject\",\"inLanguage\":\"es\",\"@id\":\"https:\\\/\\\/dravillanueva.com\\\/medicina-estetica\\\/new-york-new-york\\\/#primaryimage\",\"url\":\"https:\\\/\\\/dravillanueva.com\\\/medicina-estetica\\\/wp-content\\\/uploads\\\/drav-ny-7.jpeg\",\"contentUrl\":\"https:\\\/\\\/dravillanueva.com\\\/medicina-estetica\\\/wp-content\\\/uploads\\\/drav-ny-7.jpeg\",\"width\":1600,\"height\":1200},{\"@type\":\"BreadcrumbList\",\"@id\":\"https:\\\/\\\/dravillanueva.com\\\/medicina-estetica\\\/new-york-new-york\\\/#breadcrumb\",\"itemListElement\":[{\"@type\":\"ListItem\",\"position\":1,\"name\":\"Portada\",\"item\":\"https:\\\/\\\/dravillanueva.com\\\/medicina-estetica\\\/\"},{\"@type\":\"ListItem\",\"position\":2,\"name\":\"\u00a1New York, New York!\"}]},{\"@type\":\"WebSite\",\"@id\":\"https:\\\/\\\/dravillanueva.com\\\/medicina-estetica\\\/#website\",\"url\":\"https:\\\/\\\/dravillanueva.com\\\/medicina-estetica\\\/\",\"name\":\"Dravillanueva.com\",\"description\":\"Especialista en Medicina Est\u00e9tica\",\"potentialAction\":[{\"@type\":\"SearchAction\",\"target\":{\"@type\":\"EntryPoint\",\"urlTemplate\":\"https:\\\/\\\/dravillanueva.com\\\/medicina-estetica\\\/?s={search_term_string}\"},\"query-input\":{\"@type\":\"PropertyValueSpecification\",\"valueRequired\":true,\"valueName\":\"search_term_string\"}}],\"inLanguage\":\"es\"},{\"@type\":\"Person\",\"@id\":\"https:\\\/\\\/dravillanueva.com\\\/medicina-estetica\\\/#\\\/schema\\\/person\\\/20e8812d42e5ab44742cc792ef5804f3\",\"name\":\"DraVillanueva\",\"image\":{\"@type\":\"ImageObject\",\"inLanguage\":\"es\",\"@id\":\"https:\\\/\\\/secure.gravatar.com\\\/avatar\\\/1554bf336e725006bdd1a783c2d2feb8b19e25103edad4c101832ad88c0297e3?s=96&d=mm&r=g\",\"url\":\"https:\\\/\\\/secure.gravatar.com\\\/avatar\\\/1554bf336e725006bdd1a783c2d2feb8b19e25103edad4c101832ad88c0297e3?s=96&d=mm&r=g\",\"contentUrl\":\"https:\\\/\\\/secure.gravatar.com\\\/avatar\\\/1554bf336e725006bdd1a783c2d2feb8b19e25103edad4c101832ad88c0297e3?s=96&d=mm&r=g\",\"caption\":\"DraVillanueva\"},\"url\":\"https:\\\/\\\/dravillanueva.com\\\/medicina-estetica\\\/author\\\/dravillanueva\\\/\"}]}<\/script>\n<!-- \/ Yoast SEO plugin. -->","yoast_head_json":{"title":"\u00a1New York, New York! - Dravillanueva.com","description":"A principios de octubre estuve en New York en un curso de tratamientos de rejuvenecimiento facial con rellenos de \u00e1cido hialur\u00f3nico y neuromodulador.","robots":{"index":"index","follow":"follow","max-snippet":"max-snippet:-1","max-image-preview":"max-image-preview:large","max-video-preview":"max-video-preview:-1"},"canonical":"https:\/\/dravillanueva.com\/medicina-estetica\/new-york-new-york\/","og_locale":"es_ES","og_type":"article","og_title":"\u00a1New York, New York! - Dravillanueva.com","og_description":"A principios de octubre estuve en New York en un curso de tratamientos de rejuvenecimiento facial con rellenos de \u00e1cido hialur\u00f3nico y neuromodulador.","og_url":"https:\/\/dravillanueva.com\/medicina-estetica\/new-york-new-york\/","og_site_name":"Dravillanueva.com","article_published_time":"2019-10-31T13:03:49+00:00","article_modified_time":"2023-02-23T10:39:29+00:00","og_image":[{"width":1600,"height":1200,"url":"https:\/\/dravillanueva.com\/medicina-estetica\/wp-content\/uploads\/drav-ny-7.jpeg","type":"image\/jpeg"}],"author":"DraVillanueva","twitter_card":"summary_large_image","twitter_misc":{"Escrito por":"DraVillanueva","Tiempo de lectura":"2 minutos"},"schema":{"@context":"https:\/\/schema.org","@graph":[{"@type":"Article","@id":"https:\/\/dravillanueva.com\/medicina-estetica\/new-york-new-york\/#article","isPartOf":{"@id":"https:\/\/dravillanueva.com\/medicina-estetica\/new-york-new-york\/"},"author":{"name":"DraVillanueva","@id":"https:\/\/dravillanueva.com\/medicina-estetica\/#\/schema\/person\/20e8812d42e5ab44742cc792ef5804f3"},"headline":"\u00a1New York, New York!","datePublished":"2019-10-31T13:03:49+00:00","dateModified":"2023-02-23T10:39:29+00:00","mainEntityOfPage":{"@id":"https:\/\/dravillanueva.com\/medicina-estetica\/new-york-new-york\/"},"wordCount":379,"commentCount":0,"image":{"@id":"https:\/\/dravillanueva.com\/medicina-estetica\/new-york-new-york\/#primaryimage"},"thumbnailUrl":"https:\/\/dravillanueva.com\/medicina-estetica\/wp-content\/uploads\/drav-ny-7.jpeg","keywords":["Caliper","Dr. Swift","New York","Nueva York","N\u00famero Phi"],"articleSection":["Formaci\u00f3n"],"inLanguage":"es","potentialAction":[{"@type":"CommentAction","name":"Comment","target":["https:\/\/dravillanueva.com\/medicina-estetica\/new-york-new-york\/#respond"]}]},{"@type":"WebPage","@id":"https:\/\/dravillanueva.com\/medicina-estetica\/new-york-new-york\/","url":"https:\/\/dravillanueva.com\/medicina-estetica\/new-york-new-york\/","name":"\u00a1New York, New York! - Dravillanueva.com","isPartOf":{"@id":"https:\/\/dravillanueva.com\/medicina-estetica\/#website"},"primaryImageOfPage":{"@id":"https:\/\/dravillanueva.com\/medicina-estetica\/new-york-new-york\/#primaryimage"},"image":{"@id":"https:\/\/dravillanueva.com\/medicina-estetica\/new-york-new-york\/#primaryimage"},"thumbnailUrl":"https:\/\/dravillanueva.com\/medicina-estetica\/wp-content\/uploads\/drav-ny-7.jpeg","datePublished":"2019-10-31T13:03:49+00:00","dateModified":"2023-02-23T10:39:29+00:00","author":{"@id":"https:\/\/dravillanueva.com\/medicina-estetica\/#\/schema\/person\/20e8812d42e5ab44742cc792ef5804f3"},"description":"A principios de octubre estuve en New York en un curso de tratamientos de rejuvenecimiento facial con rellenos de \u00e1cido hialur\u00f3nico y neuromodulador.","breadcrumb":{"@id":"https:\/\/dravillanueva.com\/medicina-estetica\/new-york-new-york\/#breadcrumb"},"inLanguage":"es","potentialAction":[{"@type":"ReadAction","target":["https:\/\/dravillanueva.com\/medicina-estetica\/new-york-new-york\/"]}]},{"@type":"ImageObject","inLanguage":"es","@id":"https:\/\/dravillanueva.com\/medicina-estetica\/new-york-new-york\/#primaryimage","url":"https:\/\/dravillanueva.com\/medicina-estetica\/wp-content\/uploads\/drav-ny-7.jpeg","contentUrl":"https:\/\/dravillanueva.com\/medicina-estetica\/wp-content\/uploads\/drav-ny-7.jpeg","width":1600,"height":1200},{"@type":"BreadcrumbList","@id":"https:\/\/dravillanueva.com\/medicina-estetica\/new-york-new-york\/#breadcrumb","itemListElement":[{"@type":"ListItem","position":1,"name":"Portada","item":"https:\/\/dravillanueva.com\/medicina-estetica\/"},{"@type":"ListItem","position":2,"name":"\u00a1New York, New York!"}]},{"@type":"WebSite","@id":"https:\/\/dravillanueva.com\/medicina-estetica\/#website","url":"https:\/\/dravillanueva.com\/medicina-estetica\/","name":"Dravillanueva.com","description":"Especialista en Medicina Est\u00e9tica","potentialAction":[{"@type":"SearchAction","target":{"@type":"EntryPoint","urlTemplate":"https:\/\/dravillanueva.com\/medicina-estetica\/?s={search_term_string}"},"query-input":{"@type":"PropertyValueSpecification","valueRequired":true,"valueName":"search_term_string"}}],"inLanguage":"es"},{"@type":"Person","@id":"https:\/\/dravillanueva.com\/medicina-estetica\/#\/schema\/person\/20e8812d42e5ab44742cc792ef5804f3","name":"DraVillanueva","image":{"@type":"ImageObject","inLanguage":"es","@id":"https:\/\/secure.gravatar.com\/avatar\/1554bf336e725006bdd1a783c2d2feb8b19e25103edad4c101832ad88c0297e3?s=96&d=mm&r=g","url":"https:\/\/secure.gravatar.com\/avatar\/1554bf336e725006bdd1a783c2d2feb8b19e25103edad4c101832ad88c0297e3?s=96&d=mm&r=g","contentUrl":"https:\/\/secure.gravatar.com\/avatar\/1554bf336e725006bdd1a783c2d2feb8b19e25103edad4c101832ad88c0297e3?s=96&d=mm&r=g","caption":"DraVillanueva"},"url":"https:\/\/dravillanueva.com\/medicina-estetica\/author\/dravillanueva\/"}]}},"amp_enabled":true,"_links":{"self":[{"href":"https:\/\/dravillanueva.com\/medicina-estetica\/wp-json\/wp\/v2\/posts\/14093","targetHints":{"allow":["GET"]}}],"collection":[{"href":"https:\/\/dravillanueva.com\/medicina-estetica\/wp-json\/wp\/v2\/posts"}],"about":[{"href":"https:\/\/dravillanueva.com\/medicina-estetica\/wp-json\/wp\/v2\/types\/post"}],"author":[{"embeddable":true,"href":"https:\/\/dravillanueva.com\/medicina-estetica\/wp-json\/wp\/v2\/users\/4"}],"replies":[{"embeddable":true,"href":"https:\/\/dravillanueva.com\/medicina-estetica\/wp-json\/wp\/v2\/comments?post=14093"}],"version-history":[{"count":5,"href":"https:\/\/dravillanueva.com\/medicina-estetica\/wp-json\/wp\/v2\/posts\/14093\/revisions"}],"predecessor-version":[{"id":15787,"href":"https:\/\/dravillanueva.com\/medicina-estetica\/wp-json\/wp\/v2\/posts\/14093\/revisions\/15787"}],"wp:featuredmedia":[{"embeddable":true,"href":"https:\/\/dravillanueva.com\/medicina-estetica\/wp-json\/wp\/v2\/media\/14094"}],"wp:attachment":[{"href":"https:\/\/dravillanueva.com\/medicina-estetica\/wp-json\/wp\/v2\/media?parent=14093"}],"wp:term":[{"taxonomy":"category","embeddable":true,"href":"https:\/\/dravillanueva.com\/medicina-estetica\/wp-json\/wp\/v2\/categories?post=14093"},{"taxonomy":"post_tag","embeddable":true,"href":"https:\/\/dravillanueva.com\/medicina-estetica\/wp-json\/wp\/v2\/tags?post=14093"}],"curies":[{"name":"wp","href":"https:\/\/api.w.org\/{rel}","templated":true}]}}