
{"id":13312,"date":"2019-09-12T13:25:32","date_gmt":"2019-09-12T11:25:32","guid":{"rendered":"http:\/\/dravillanueva.com\/medicina-estetica\/?p=13312"},"modified":"2020-01-08T14:37:21","modified_gmt":"2020-01-08T12:37:21","slug":"como-cuido-mi-piel-despues-del-verano-i","status":"publish","type":"post","link":"https:\/\/dravillanueva.com\/medicina-estetica\/como-cuido-mi-piel-despues-del-verano-i\/","title":{"rendered":"C\u00f3mo cuido mi piel despu\u00e9s del verano (I)"},"content":{"rendered":"<div class=\"row\"  id=\"row-1440806946\">\n\n\t<div id=\"col-742718101\" class=\"col medium-8 small-12 large-8\"  >\n\t\t\t\t<div class=\"col-inner\"  >\n\t\t\t\n\t\t\t\n<p>He empezado mi rutina de tratamientos para despu\u00e9s del verano. De momento Susana va a hacerme una<strong> limpieza de cutis<\/strong> con productos <strong>Naqua<\/strong>, que potencian la regeneraci\u00f3n celular, para retirar la piel afectada por el sol.<\/p>\n<p>Las limpiezas de cutis <strong>duran de 45 a 75 minutos<\/strong> y se adaptan a<strong> todo tipo de pieles<\/strong>. Este tratamiento <strong>debe personalizarse seg\u00fan el tipo de piel, edad e incluso de trabajo<\/strong>. Por ejemplo azafatas de vuelo, oficinas con mucho aire acondicionado, exposici\u00f3n al sol en trabajos al aire libre&#8230; Adaptaremos cada tratamiento utilizando diferentes productos con principios activos diferentes.<\/p>\n<p>Depende de la piel aconsejamos realizarse una limpieza de cutis <strong>desde una vez al mes en casos de pieles muy grasas hasta 2 al a\u00f1o en pieles muy secas<\/strong>. Esta frecuencia depender\u00e1 tambi\u00e9n de los cuidados en casa e incluso de la profesi\u00f3n. A las personas qu\u00e9 trabajan con tinta en imprentas, con tejidos o van mucho en moto se les ensucia m\u00e1s la piel que a otras; quienes viven en la ciudad tambi\u00e9n se les nota m\u00e1s y por lo tanto lo tendremos en cuenta.<\/p>\n<p>Para conseguir que el resultado de una limpieza de cutis dure m\u00e1s, es importante que <strong>en casa utilicemos tratamientos personalizados y no descuidar nunca la limpieza<\/strong> dentro de nuestras rutinas. Es importante limpiar la piel cada ma\u00f1ana y noche, y aplicar despu\u00e9s los productos que os aconsejamos en nuestra consulta.<\/p>\n<p>Seguir\u00e9 la semana pr\u00f3xima con un <strong>peeling Valencia<\/strong> que ya os explicar\u00e9. Tambi\u00e9n compartir\u00e9 con vosotras los productos para utilizar en casa y as\u00ed mejorar y preparar la piel para el oto\u00f1o.<\/p>\n<p>\u00a1Estad atentas a mis redes sociales y al blog para conocer m\u00e1s!<\/p>\n\t\t<\/div>\n\t\t\t\t\t<\/div>\n\n\t\n\n\t<div id=\"col-316013881\" class=\"col medium-4 small-12 large-4\"  >\n\t\t\t\t<div class=\"col-inner\"  >\n\t\t\t\n\t\t\t\n\n  <div class=\"banner has-hover has-video\" id=\"banner-1057792125\">\n          <div class=\"banner-inner fill\">\n        <div class=\"banner-bg fill\" >\n            <div class=\"bg fill bg-fill \"><\/div>\n            \t<div class=\"video-overlay no-click fill hide-for-medium\"><\/div>\n\t<video class=\"video-bg fill hide-for-medium\" preload playsinline autoplay\n\t\tmuted\t\t>\n\t\t<source src=\"http:\/\/dravillanueva.com\/medicina-estetica\/wp-content\/uploads\/como-cuido-mi-piel-despus-del-verano-l-.mp4\" type=\"video\/mp4\">\t<\/video>\n                        \n                    <\/div>\n\t\t\n        <div class=\"banner-layers container\">\n            <div class=\"fill banner-link\"><\/div>            \n        <\/div>\n      <\/div>\n\n            \n<style>\n#banner-1057792125 {\n  padding-top: 500px;\n}\n#banner-1057792125 .ux-shape-divider--top svg {\n  height: 150px;\n  --divider-top-width: 100%;\n}\n#banner-1057792125 .ux-shape-divider--bottom svg {\n  height: 150px;\n  --divider-width: 100%;\n}\n<\/style>\n  <\/div>\n\n\n\t\t<\/div>\n\t\t\t\t\t<\/div>\n\n\t\n<\/div>\n\n  \n    <div class=\"row  lightbox-multi-gallery large-columns-2 medium-columns- small-columns-\">\n  <div class=\"gallery-col col\" >\n          <div class=\"col-inner\">\n            <a class=\"\" href=\"https:\/\/dravillanueva.com\/medicina-estetica\/wp-content\/uploads\/como-cuido-mi-piel-despus-del-verano-l--1024x1024.jpeg\" title=\"\">            <div class=\"box has-hover gallery-box box-overlay dark\">\n              <div class=\"box-image\" >\n                <img loading=\"lazy\" decoding=\"async\" width=\"300\" height=\"300\" src=\"https:\/\/dravillanueva.com\/medicina-estetica\/wp-content\/uploads\/como-cuido-mi-piel-despus-del-verano-l--300x300.jpeg\" class=\"attachment-medium size-medium\" alt=\"como-cuido-mi-piel-despus-del-verano-l-\" ids=\"13316,13328\" columns=\"2\" srcset=\"https:\/\/dravillanueva.com\/medicina-estetica\/wp-content\/uploads\/como-cuido-mi-piel-despus-del-verano-l--300x300.jpeg 300w, https:\/\/dravillanueva.com\/medicina-estetica\/wp-content\/uploads\/como-cuido-mi-piel-despus-del-verano-l--150x150.jpeg 150w, https:\/\/dravillanueva.com\/medicina-estetica\/wp-content\/uploads\/como-cuido-mi-piel-despus-del-verano-l--768x768.jpeg 768w, https:\/\/dravillanueva.com\/medicina-estetica\/wp-content\/uploads\/como-cuido-mi-piel-despus-del-verano-l--1024x1024.jpeg 1024w, https:\/\/dravillanueva.com\/medicina-estetica\/wp-content\/uploads\/como-cuido-mi-piel-despus-del-verano-l--600x600.jpeg 600w, https:\/\/dravillanueva.com\/medicina-estetica\/wp-content\/uploads\/como-cuido-mi-piel-despus-del-verano-l-.jpeg 1600w\" sizes=\"auto, (max-width: 300px) 100vw, 300px\" \/>                                  <div class=\"overlay fill\"\n                      style=\"background-color: rgba(0,0,0,.15)\">\n                  <\/div>\n                                                              <\/div>\n              <div class=\"box-text text-left\" >\n                 <p><\/p>\n              <\/div>\n            <\/div>\n            <\/a>          <\/div>\n         <\/div><div class=\"gallery-col col\" >\n          <div class=\"col-inner\">\n            <a class=\"\" href=\"https:\/\/dravillanueva.com\/medicina-estetica\/wp-content\/uploads\/como-cuido-mi-piel-despus-del-verano-l-2-1024x1024.jpeg\" title=\"\">            <div class=\"box has-hover gallery-box box-overlay dark\">\n              <div class=\"box-image\" >\n                <img loading=\"lazy\" decoding=\"async\" width=\"300\" height=\"300\" src=\"https:\/\/dravillanueva.com\/medicina-estetica\/wp-content\/uploads\/como-cuido-mi-piel-despus-del-verano-l-2-300x300.jpeg\" class=\"attachment-medium size-medium\" alt=\"como-cuido-mi-piel-despus-del-verano-l-2\" ids=\"13316,13328\" columns=\"2\" srcset=\"https:\/\/dravillanueva.com\/medicina-estetica\/wp-content\/uploads\/como-cuido-mi-piel-despus-del-verano-l-2-300x300.jpeg 300w, https:\/\/dravillanueva.com\/medicina-estetica\/wp-content\/uploads\/como-cuido-mi-piel-despus-del-verano-l-2-150x150.jpeg 150w, https:\/\/dravillanueva.com\/medicina-estetica\/wp-content\/uploads\/como-cuido-mi-piel-despus-del-verano-l-2-768x768.jpeg 768w, https:\/\/dravillanueva.com\/medicina-estetica\/wp-content\/uploads\/como-cuido-mi-piel-despus-del-verano-l-2-1024x1024.jpeg 1024w, https:\/\/dravillanueva.com\/medicina-estetica\/wp-content\/uploads\/como-cuido-mi-piel-despus-del-verano-l-2-600x600.jpeg 600w, https:\/\/dravillanueva.com\/medicina-estetica\/wp-content\/uploads\/como-cuido-mi-piel-despus-del-verano-l-2.jpeg 1600w\" sizes=\"auto, (max-width: 300px) 100vw, 300px\" \/>                                  <div class=\"overlay fill\"\n                      style=\"background-color: rgba(0,0,0,.15)\">\n                  <\/div>\n                                                              <\/div>\n              <div class=\"box-text text-left\" >\n                 <p><\/p>\n              <\/div>\n            <\/div>\n            <\/a>          <\/div>\n         <\/div><\/div>\n","protected":false},"excerpt":{"rendered":"<p>Susana va a hacerme una limpieza de cutis con productos Naqua, que potencian la regeneraci\u00f3n celular, para retirar la piel afectada por el sol.<\/p>\n","protected":false},"author":4,"featured_media":13317,"comment_status":"open","ping_status":"open","sticky":false,"template":"","format":"standard","meta":{"h5ap_radio_sources":[],"footnotes":""},"categories":[76],"tags":[249,250,251],"class_list":["post-13312","post","type-post","status-publish","format-standard","has-post-thumbnail","hentry","category-blog","tag-limpieza-cutis","tag-naqua","tag-post-verano"],"yoast_head":"<!-- This site is optimized with the Yoast SEO plugin v27.5 - https:\/\/yoast.com\/product\/yoast-seo-wordpress\/ -->\n<title>C\u00f3mo cuido mi piel despu\u00e9s del verano (I) - Dravillanueva.com<\/title>\n<meta name=\"description\" content=\"Susana va a hacerme una limpieza de cutis con productos Naqua, que potencian la regeneraci\u00f3n celular, para retirar la piel afectada por el sol.\" \/>\n<meta name=\"robots\" content=\"index, follow, max-snippet:-1, max-image-preview:large, max-video-preview:-1\" \/>\n<link rel=\"canonical\" href=\"https:\/\/dravillanueva.com\/medicina-estetica\/como-cuido-mi-piel-despues-del-verano-i\/\" \/>\n<meta property=\"og:locale\" content=\"es_ES\" \/>\n<meta property=\"og:type\" content=\"article\" \/>\n<meta property=\"og:title\" content=\"C\u00f3mo cuido mi piel despu\u00e9s del verano (I) - Dravillanueva.com\" \/>\n<meta property=\"og:description\" content=\"Susana va a hacerme una limpieza de cutis con productos Naqua, que potencian la regeneraci\u00f3n celular, para retirar la piel afectada por el sol.\" \/>\n<meta property=\"og:url\" content=\"https:\/\/dravillanueva.com\/medicina-estetica\/como-cuido-mi-piel-despues-del-verano-i\/\" \/>\n<meta property=\"og:site_name\" content=\"Dravillanueva.com\" \/>\n<meta property=\"article:published_time\" content=\"2019-09-12T11:25:32+00:00\" \/>\n<meta property=\"article:modified_time\" content=\"2020-01-08T12:37:21+00:00\" \/>\n<meta property=\"og:image\" content=\"https:\/\/dravillanueva.com\/medicina-estetica\/wp-content\/uploads\/como-cuido-mi-piel-despus-del-verano-l-4.jpeg\" \/>\n\t<meta property=\"og:image:width\" content=\"1600\" \/>\n\t<meta property=\"og:image:height\" content=\"1600\" \/>\n\t<meta property=\"og:image:type\" content=\"image\/jpeg\" \/>\n<meta name=\"author\" content=\"DraVillanueva\" \/>\n<meta name=\"twitter:card\" content=\"summary_large_image\" \/>\n<meta name=\"twitter:label1\" content=\"Escrito por\" \/>\n\t<meta name=\"twitter:data1\" content=\"DraVillanueva\" \/>\n\t<meta name=\"twitter:label2\" content=\"Tiempo de lectura\" \/>\n\t<meta name=\"twitter:data2\" content=\"2 minutos\" \/>\n<script type=\"application\/ld+json\" class=\"yoast-schema-graph\">{\"@context\":\"https:\\\/\\\/schema.org\",\"@graph\":[{\"@type\":\"Article\",\"@id\":\"https:\\\/\\\/dravillanueva.com\\\/medicina-estetica\\\/como-cuido-mi-piel-despues-del-verano-i\\\/#article\",\"isPartOf\":{\"@id\":\"https:\\\/\\\/dravillanueva.com\\\/medicina-estetica\\\/como-cuido-mi-piel-despues-del-verano-i\\\/\"},\"author\":{\"name\":\"DraVillanueva\",\"@id\":\"https:\\\/\\\/dravillanueva.com\\\/medicina-estetica\\\/#\\\/schema\\\/person\\\/20e8812d42e5ab44742cc792ef5804f3\"},\"headline\":\"C\u00f3mo cuido mi piel despu\u00e9s del verano (I)\",\"datePublished\":\"2019-09-12T11:25:32+00:00\",\"dateModified\":\"2020-01-08T12:37:21+00:00\",\"mainEntityOfPage\":{\"@id\":\"https:\\\/\\\/dravillanueva.com\\\/medicina-estetica\\\/como-cuido-mi-piel-despues-del-verano-i\\\/\"},\"wordCount\":335,\"commentCount\":0,\"image\":{\"@id\":\"https:\\\/\\\/dravillanueva.com\\\/medicina-estetica\\\/como-cuido-mi-piel-despues-del-verano-i\\\/#primaryimage\"},\"thumbnailUrl\":\"https:\\\/\\\/dravillanueva.com\\\/medicina-estetica\\\/wp-content\\\/uploads\\\/como-cuido-mi-piel-despus-del-verano-l-4.jpeg\",\"keywords\":[\"limpieza cutis\",\"naqua\",\"post-verano\"],\"articleSection\":[\"Blog\"],\"inLanguage\":\"es\",\"potentialAction\":[{\"@type\":\"CommentAction\",\"name\":\"Comment\",\"target\":[\"https:\\\/\\\/dravillanueva.com\\\/medicina-estetica\\\/como-cuido-mi-piel-despues-del-verano-i\\\/#respond\"]}]},{\"@type\":\"WebPage\",\"@id\":\"https:\\\/\\\/dravillanueva.com\\\/medicina-estetica\\\/como-cuido-mi-piel-despues-del-verano-i\\\/\",\"url\":\"https:\\\/\\\/dravillanueva.com\\\/medicina-estetica\\\/como-cuido-mi-piel-despues-del-verano-i\\\/\",\"name\":\"C\u00f3mo cuido mi piel despu\u00e9s del verano (I) - Dravillanueva.com\",\"isPartOf\":{\"@id\":\"https:\\\/\\\/dravillanueva.com\\\/medicina-estetica\\\/#website\"},\"primaryImageOfPage\":{\"@id\":\"https:\\\/\\\/dravillanueva.com\\\/medicina-estetica\\\/como-cuido-mi-piel-despues-del-verano-i\\\/#primaryimage\"},\"image\":{\"@id\":\"https:\\\/\\\/dravillanueva.com\\\/medicina-estetica\\\/como-cuido-mi-piel-despues-del-verano-i\\\/#primaryimage\"},\"thumbnailUrl\":\"https:\\\/\\\/dravillanueva.com\\\/medicina-estetica\\\/wp-content\\\/uploads\\\/como-cuido-mi-piel-despus-del-verano-l-4.jpeg\",\"datePublished\":\"2019-09-12T11:25:32+00:00\",\"dateModified\":\"2020-01-08T12:37:21+00:00\",\"author\":{\"@id\":\"https:\\\/\\\/dravillanueva.com\\\/medicina-estetica\\\/#\\\/schema\\\/person\\\/20e8812d42e5ab44742cc792ef5804f3\"},\"description\":\"Susana va a hacerme una limpieza de cutis con productos Naqua, que potencian la regeneraci\u00f3n celular, para retirar la piel afectada por el sol.\",\"breadcrumb\":{\"@id\":\"https:\\\/\\\/dravillanueva.com\\\/medicina-estetica\\\/como-cuido-mi-piel-despues-del-verano-i\\\/#breadcrumb\"},\"inLanguage\":\"es\",\"potentialAction\":[{\"@type\":\"ReadAction\",\"target\":[\"https:\\\/\\\/dravillanueva.com\\\/medicina-estetica\\\/como-cuido-mi-piel-despues-del-verano-i\\\/\"]}]},{\"@type\":\"ImageObject\",\"inLanguage\":\"es\",\"@id\":\"https:\\\/\\\/dravillanueva.com\\\/medicina-estetica\\\/como-cuido-mi-piel-despues-del-verano-i\\\/#primaryimage\",\"url\":\"https:\\\/\\\/dravillanueva.com\\\/medicina-estetica\\\/wp-content\\\/uploads\\\/como-cuido-mi-piel-despus-del-verano-l-4.jpeg\",\"contentUrl\":\"https:\\\/\\\/dravillanueva.com\\\/medicina-estetica\\\/wp-content\\\/uploads\\\/como-cuido-mi-piel-despus-del-verano-l-4.jpeg\",\"width\":1600,\"height\":1600,\"caption\":\"como-cuido-mi-piel-despus-del-verano-l-4\"},{\"@type\":\"BreadcrumbList\",\"@id\":\"https:\\\/\\\/dravillanueva.com\\\/medicina-estetica\\\/como-cuido-mi-piel-despues-del-verano-i\\\/#breadcrumb\",\"itemListElement\":[{\"@type\":\"ListItem\",\"position\":1,\"name\":\"Portada\",\"item\":\"https:\\\/\\\/dravillanueva.com\\\/medicina-estetica\\\/\"},{\"@type\":\"ListItem\",\"position\":2,\"name\":\"C\u00f3mo cuido mi piel despu\u00e9s del verano (I)\"}]},{\"@type\":\"WebSite\",\"@id\":\"https:\\\/\\\/dravillanueva.com\\\/medicina-estetica\\\/#website\",\"url\":\"https:\\\/\\\/dravillanueva.com\\\/medicina-estetica\\\/\",\"name\":\"Dravillanueva.com\",\"description\":\"Especialista en Medicina Est\u00e9tica\",\"potentialAction\":[{\"@type\":\"SearchAction\",\"target\":{\"@type\":\"EntryPoint\",\"urlTemplate\":\"https:\\\/\\\/dravillanueva.com\\\/medicina-estetica\\\/?s={search_term_string}\"},\"query-input\":{\"@type\":\"PropertyValueSpecification\",\"valueRequired\":true,\"valueName\":\"search_term_string\"}}],\"inLanguage\":\"es\"},{\"@type\":\"Person\",\"@id\":\"https:\\\/\\\/dravillanueva.com\\\/medicina-estetica\\\/#\\\/schema\\\/person\\\/20e8812d42e5ab44742cc792ef5804f3\",\"name\":\"DraVillanueva\",\"image\":{\"@type\":\"ImageObject\",\"inLanguage\":\"es\",\"@id\":\"https:\\\/\\\/secure.gravatar.com\\\/avatar\\\/1554bf336e725006bdd1a783c2d2feb8b19e25103edad4c101832ad88c0297e3?s=96&d=mm&r=g\",\"url\":\"https:\\\/\\\/secure.gravatar.com\\\/avatar\\\/1554bf336e725006bdd1a783c2d2feb8b19e25103edad4c101832ad88c0297e3?s=96&d=mm&r=g\",\"contentUrl\":\"https:\\\/\\\/secure.gravatar.com\\\/avatar\\\/1554bf336e725006bdd1a783c2d2feb8b19e25103edad4c101832ad88c0297e3?s=96&d=mm&r=g\",\"caption\":\"DraVillanueva\"},\"url\":\"https:\\\/\\\/dravillanueva.com\\\/medicina-estetica\\\/author\\\/dravillanueva\\\/\"}]}<\/script>\n<!-- \/ Yoast SEO plugin. -->","yoast_head_json":{"title":"C\u00f3mo cuido mi piel despu\u00e9s del verano (I) - Dravillanueva.com","description":"Susana va a hacerme una limpieza de cutis con productos Naqua, que potencian la regeneraci\u00f3n celular, para retirar la piel afectada por el sol.","robots":{"index":"index","follow":"follow","max-snippet":"max-snippet:-1","max-image-preview":"max-image-preview:large","max-video-preview":"max-video-preview:-1"},"canonical":"https:\/\/dravillanueva.com\/medicina-estetica\/como-cuido-mi-piel-despues-del-verano-i\/","og_locale":"es_ES","og_type":"article","og_title":"C\u00f3mo cuido mi piel despu\u00e9s del verano (I) - Dravillanueva.com","og_description":"Susana va a hacerme una limpieza de cutis con productos Naqua, que potencian la regeneraci\u00f3n celular, para retirar la piel afectada por el sol.","og_url":"https:\/\/dravillanueva.com\/medicina-estetica\/como-cuido-mi-piel-despues-del-verano-i\/","og_site_name":"Dravillanueva.com","article_published_time":"2019-09-12T11:25:32+00:00","article_modified_time":"2020-01-08T12:37:21+00:00","og_image":[{"width":1600,"height":1600,"url":"https:\/\/dravillanueva.com\/medicina-estetica\/wp-content\/uploads\/como-cuido-mi-piel-despus-del-verano-l-4.jpeg","type":"image\/jpeg"}],"author":"DraVillanueva","twitter_card":"summary_large_image","twitter_misc":{"Escrito por":"DraVillanueva","Tiempo de lectura":"2 minutos"},"schema":{"@context":"https:\/\/schema.org","@graph":[{"@type":"Article","@id":"https:\/\/dravillanueva.com\/medicina-estetica\/como-cuido-mi-piel-despues-del-verano-i\/#article","isPartOf":{"@id":"https:\/\/dravillanueva.com\/medicina-estetica\/como-cuido-mi-piel-despues-del-verano-i\/"},"author":{"name":"DraVillanueva","@id":"https:\/\/dravillanueva.com\/medicina-estetica\/#\/schema\/person\/20e8812d42e5ab44742cc792ef5804f3"},"headline":"C\u00f3mo cuido mi piel despu\u00e9s del verano (I)","datePublished":"2019-09-12T11:25:32+00:00","dateModified":"2020-01-08T12:37:21+00:00","mainEntityOfPage":{"@id":"https:\/\/dravillanueva.com\/medicina-estetica\/como-cuido-mi-piel-despues-del-verano-i\/"},"wordCount":335,"commentCount":0,"image":{"@id":"https:\/\/dravillanueva.com\/medicina-estetica\/como-cuido-mi-piel-despues-del-verano-i\/#primaryimage"},"thumbnailUrl":"https:\/\/dravillanueva.com\/medicina-estetica\/wp-content\/uploads\/como-cuido-mi-piel-despus-del-verano-l-4.jpeg","keywords":["limpieza cutis","naqua","post-verano"],"articleSection":["Blog"],"inLanguage":"es","potentialAction":[{"@type":"CommentAction","name":"Comment","target":["https:\/\/dravillanueva.com\/medicina-estetica\/como-cuido-mi-piel-despues-del-verano-i\/#respond"]}]},{"@type":"WebPage","@id":"https:\/\/dravillanueva.com\/medicina-estetica\/como-cuido-mi-piel-despues-del-verano-i\/","url":"https:\/\/dravillanueva.com\/medicina-estetica\/como-cuido-mi-piel-despues-del-verano-i\/","name":"C\u00f3mo cuido mi piel despu\u00e9s del verano (I) - Dravillanueva.com","isPartOf":{"@id":"https:\/\/dravillanueva.com\/medicina-estetica\/#website"},"primaryImageOfPage":{"@id":"https:\/\/dravillanueva.com\/medicina-estetica\/como-cuido-mi-piel-despues-del-verano-i\/#primaryimage"},"image":{"@id":"https:\/\/dravillanueva.com\/medicina-estetica\/como-cuido-mi-piel-despues-del-verano-i\/#primaryimage"},"thumbnailUrl":"https:\/\/dravillanueva.com\/medicina-estetica\/wp-content\/uploads\/como-cuido-mi-piel-despus-del-verano-l-4.jpeg","datePublished":"2019-09-12T11:25:32+00:00","dateModified":"2020-01-08T12:37:21+00:00","author":{"@id":"https:\/\/dravillanueva.com\/medicina-estetica\/#\/schema\/person\/20e8812d42e5ab44742cc792ef5804f3"},"description":"Susana va a hacerme una limpieza de cutis con productos Naqua, que potencian la regeneraci\u00f3n celular, para retirar la piel afectada por el sol.","breadcrumb":{"@id":"https:\/\/dravillanueva.com\/medicina-estetica\/como-cuido-mi-piel-despues-del-verano-i\/#breadcrumb"},"inLanguage":"es","potentialAction":[{"@type":"ReadAction","target":["https:\/\/dravillanueva.com\/medicina-estetica\/como-cuido-mi-piel-despues-del-verano-i\/"]}]},{"@type":"ImageObject","inLanguage":"es","@id":"https:\/\/dravillanueva.com\/medicina-estetica\/como-cuido-mi-piel-despues-del-verano-i\/#primaryimage","url":"https:\/\/dravillanueva.com\/medicina-estetica\/wp-content\/uploads\/como-cuido-mi-piel-despus-del-verano-l-4.jpeg","contentUrl":"https:\/\/dravillanueva.com\/medicina-estetica\/wp-content\/uploads\/como-cuido-mi-piel-despus-del-verano-l-4.jpeg","width":1600,"height":1600,"caption":"como-cuido-mi-piel-despus-del-verano-l-4"},{"@type":"BreadcrumbList","@id":"https:\/\/dravillanueva.com\/medicina-estetica\/como-cuido-mi-piel-despues-del-verano-i\/#breadcrumb","itemListElement":[{"@type":"ListItem","position":1,"name":"Portada","item":"https:\/\/dravillanueva.com\/medicina-estetica\/"},{"@type":"ListItem","position":2,"name":"C\u00f3mo cuido mi piel despu\u00e9s del verano (I)"}]},{"@type":"WebSite","@id":"https:\/\/dravillanueva.com\/medicina-estetica\/#website","url":"https:\/\/dravillanueva.com\/medicina-estetica\/","name":"Dravillanueva.com","description":"Especialista en Medicina Est\u00e9tica","potentialAction":[{"@type":"SearchAction","target":{"@type":"EntryPoint","urlTemplate":"https:\/\/dravillanueva.com\/medicina-estetica\/?s={search_term_string}"},"query-input":{"@type":"PropertyValueSpecification","valueRequired":true,"valueName":"search_term_string"}}],"inLanguage":"es"},{"@type":"Person","@id":"https:\/\/dravillanueva.com\/medicina-estetica\/#\/schema\/person\/20e8812d42e5ab44742cc792ef5804f3","name":"DraVillanueva","image":{"@type":"ImageObject","inLanguage":"es","@id":"https:\/\/secure.gravatar.com\/avatar\/1554bf336e725006bdd1a783c2d2feb8b19e25103edad4c101832ad88c0297e3?s=96&d=mm&r=g","url":"https:\/\/secure.gravatar.com\/avatar\/1554bf336e725006bdd1a783c2d2feb8b19e25103edad4c101832ad88c0297e3?s=96&d=mm&r=g","contentUrl":"https:\/\/secure.gravatar.com\/avatar\/1554bf336e725006bdd1a783c2d2feb8b19e25103edad4c101832ad88c0297e3?s=96&d=mm&r=g","caption":"DraVillanueva"},"url":"https:\/\/dravillanueva.com\/medicina-estetica\/author\/dravillanueva\/"}]}},"amp_enabled":true,"_links":{"self":[{"href":"https:\/\/dravillanueva.com\/medicina-estetica\/wp-json\/wp\/v2\/posts\/13312","targetHints":{"allow":["GET"]}}],"collection":[{"href":"https:\/\/dravillanueva.com\/medicina-estetica\/wp-json\/wp\/v2\/posts"}],"about":[{"href":"https:\/\/dravillanueva.com\/medicina-estetica\/wp-json\/wp\/v2\/types\/post"}],"author":[{"embeddable":true,"href":"https:\/\/dravillanueva.com\/medicina-estetica\/wp-json\/wp\/v2\/users\/4"}],"replies":[{"embeddable":true,"href":"https:\/\/dravillanueva.com\/medicina-estetica\/wp-json\/wp\/v2\/comments?post=13312"}],"version-history":[{"count":19,"href":"https:\/\/dravillanueva.com\/medicina-estetica\/wp-json\/wp\/v2\/posts\/13312\/revisions"}],"predecessor-version":[{"id":14055,"href":"https:\/\/dravillanueva.com\/medicina-estetica\/wp-json\/wp\/v2\/posts\/13312\/revisions\/14055"}],"wp:featuredmedia":[{"embeddable":true,"href":"https:\/\/dravillanueva.com\/medicina-estetica\/wp-json\/wp\/v2\/media\/13317"}],"wp:attachment":[{"href":"https:\/\/dravillanueva.com\/medicina-estetica\/wp-json\/wp\/v2\/media?parent=13312"}],"wp:term":[{"taxonomy":"category","embeddable":true,"href":"https:\/\/dravillanueva.com\/medicina-estetica\/wp-json\/wp\/v2\/categories?post=13312"},{"taxonomy":"post_tag","embeddable":true,"href":"https:\/\/dravillanueva.com\/medicina-estetica\/wp-json\/wp\/v2\/tags?post=13312"}],"curies":[{"name":"wp","href":"https:\/\/api.w.org\/{rel}","templated":true}]}}