
{"id":13266,"date":"2019-07-18T12:44:59","date_gmt":"2019-07-18T10:44:59","guid":{"rendered":"http:\/\/dravillanueva.com\/medicina-estetica\/?p=13266"},"modified":"2020-01-09T11:31:24","modified_gmt":"2020-01-09T09:31:24","slug":"pdp-2019-en-la-esade-business-school","status":"publish","type":"post","link":"https:\/\/dravillanueva.com\/medicina-estetica\/pdp-2019-en-la-esade-business-school\/","title":{"rendered":"PDP 2019 en la ESADE BUSINESS SCHOOL"},"content":{"rendered":"[vc_row][vc_column][vc_column_text css=\u00bb.vc_custom_1563446805245{margin-bottom: 0px !important;}\u00bb]Me cuesta resumir en pocas palabras este <strong>Curso Para Directores Propietarios<\/strong> que he realizado en <a href=\"https:\/\/www.esade.edu\/es\/\" target=\"_blank\" rel=\"noopener noreferrer\"><strong>ESADE<\/strong><\/a>, siempre form\u00e1ndome en medicina, cirug\u00eda y fundamentalmente en t\u00e9cnicas de medicina est\u00e9tica, me apetec\u00eda mucho esta formaci\u00f3n en diferentes aspectos de la direcci\u00f3n empresarial.<\/p>\n<p>Como m\u00e9dico que gestiona su propia consulta sent\u00eda que me hac\u00eda falta conocer un poco m\u00e1s aspectos de tipo empresarial que nunca me ense\u00f1aron en la carrera.<\/p>\n<p>Ha sido duro pero muy enriquecedor, durante 4 meses he asistido a clase en <strong>ESADE<\/strong> durante viernes y\u00a0s\u00e1bados tratanto diversas materias, desde gesti\u00f3n de personas, finanzas, marketing, social media, \u00a0planes de negocio, fiscalidad, laboral, negociaci\u00f3n, neuroliderazgo y mas temas que ser\u00eda largo de enumerar.<\/p>\n<p>Unos profesores estupendos capaces de captar mi atenci\u00f3n durante muchas horas y hacer qu\u00e9 ahora que ha acabado, a\u00f1ore estos fines de semana en <strong>ESADE<\/strong>.<\/p>\n<p>Unos compa\u00f1eros magn\u00edficos, de muy diferentes sectores, hemos compartido muchas horas y tambi\u00e9n comidas, cenas, planes de negocios y asuntos personales, agradecida a todos ellos por los buenos momentos y la ayuda con temas que me superaban como el \u201cExcel\u201d.<\/p>\n<p>Gracias especialmente a mi tutora <strong>M\u00aa Gemma Izquierdo<\/strong>, \u00a0que ha sabido ayudarme a ordenar muchas ideas\u00a0 que ya ten\u00eda en la cabeza y que han podido plasmarse en el trabajo de fin de grado que tuvimos que presentar, una tutora estupenda.<\/p>\n<p>En fin una experiencia magn\u00edfica que os recomiendo a los que ten\u00e9is una empresa pero por las circunstancias que sean, \u00a0poca formaci\u00f3n empresarial.<\/p>\n<p>Ahora toca repasar los apuntes para asentar conocimientos y poner en pr\u00e1ctica lo aprendido.[\/vc_column_text][\/vc_column][\/vc_row][vc_row css=\u00bb.vc_custom_1578562281617{margin-top: 20px !important;}\u00bb][vc_column width=\u00bb1\/3&#8243;][vc_single_image image=\u00bb13271&#8243; img_size=\u00bb768&#215;1000&#8243;][\/vc_column][vc_column width=\u00bb1\/3&#8243;][vc_single_image image=\u00bb13270&#8243; img_size=\u00bb768&#215;1000&#8243;][\/vc_column][vc_column width=\u00bb1\/3&#8243;][vc_single_image image=\u00bb13283&#8243; img_size=\u00bb768&#215;1000&#8243;][\/vc_column][\/vc_row][vc_row][vc_column width=\u00bb1\/2&#8243;][vc_single_image image=\u00bb13281&#8243; img_size=\u00bbfull\u00bb][\/vc_column][vc_column width=\u00bb1\/2&#8243;][vc_single_image image=\u00bb13282&#8243; img_size=\u00bbfull\u00bb][\/vc_column][\/vc_row][vc_row][vc_column][vc_column_text css=\u00bb.vc_custom_1563447581559{margin-bottom: 0px !important;}\u00bb]\n<div style=\"width: 1000px;\" class=\"wp-video\"><video class=\"wp-video-shortcode\" id=\"video-13266-1\" width=\"1000\" height=\"566\" poster=\"http:\/\/dravillanueva.com\/medicina-estetica\/wp-content\/uploads\/dra-v-pdp-esade-2019-4.jpeg\" preload=\"metadata\" controls=\"controls\"><source type=\"video\/mp4\" src=\"http:\/\/dravillanueva.com\/medicina-estetica\/wp-content\/uploads\/dra-v-pdp-esade-2019.mp4?_=1\" \/><a href=\"http:\/\/dravillanueva.com\/medicina-estetica\/wp-content\/uploads\/dra-v-pdp-esade-2019.mp4\">http:\/\/dravillanueva.com\/medicina-estetica\/wp-content\/uploads\/dra-v-pdp-esade-2019.mp4<\/a><\/video><\/div>\n[\/vc_column_text][\/vc_column][\/vc_row]\n","protected":false},"excerpt":{"rendered":"<p>Me cuesta resumir en pocas palabras este Curso Para Directores Propietarios que he realizado en ESADE, sobre diferentes aspectos de la direcci\u00f3n empresarial.<\/p>\n","protected":false},"author":4,"featured_media":13269,"comment_status":"open","ping_status":"open","sticky":false,"template":"","format":"standard","meta":{"h5ap_radio_sources":[],"footnotes":""},"categories":[74],"tags":[241,147,162,242],"class_list":["post-13266","post","type-post","status-publish","format-standard","has-post-thumbnail","hentry","category-formacion","tag-curso-propiestarios-directores","tag-esade","tag-formacion","tag-pdp-2019"],"yoast_head":"<!-- This site is optimized with the Yoast SEO plugin v27.5 - https:\/\/yoast.com\/product\/yoast-seo-wordpress\/ -->\n<title>PDP 2019 en la ESADE BUSINESS SCHOOL - Dravillanueva.com<\/title>\n<meta name=\"description\" content=\"Me cuesta resumir en pocas palabras este Curso Para Directores Propietarios que he realizado en ESADE, sobre diferentes aspectos de la direcci\u00f3n empresarial\" \/>\n<meta name=\"robots\" content=\"index, follow, max-snippet:-1, max-image-preview:large, max-video-preview:-1\" \/>\n<link rel=\"canonical\" href=\"https:\/\/dravillanueva.com\/medicina-estetica\/pdp-2019-en-la-esade-business-school\/\" \/>\n<meta property=\"og:locale\" content=\"es_ES\" \/>\n<meta property=\"og:type\" content=\"article\" \/>\n<meta property=\"og:title\" content=\"PDP 2019 en la ESADE BUSINESS SCHOOL - Dravillanueva.com\" \/>\n<meta property=\"og:description\" content=\"Me cuesta resumir en pocas palabras este Curso Para Directores Propietarios que he realizado en ESADE, sobre diferentes aspectos de la direcci\u00f3n empresarial\" \/>\n<meta property=\"og:url\" content=\"https:\/\/dravillanueva.com\/medicina-estetica\/pdp-2019-en-la-esade-business-school\/\" \/>\n<meta property=\"og:site_name\" content=\"Dravillanueva.com\" \/>\n<meta property=\"article:published_time\" content=\"2019-07-18T10:44:59+00:00\" \/>\n<meta property=\"article:modified_time\" content=\"2020-01-09T09:31:24+00:00\" \/>\n<meta property=\"og:image\" content=\"https:\/\/dravillanueva.com\/medicina-estetica\/wp-content\/uploads\/dra-v-pdp-esade-2019.jpeg\" \/>\n\t<meta property=\"og:image:width\" content=\"1024\" \/>\n\t<meta property=\"og:image:height\" content=\"684\" \/>\n\t<meta property=\"og:image:type\" content=\"image\/jpeg\" \/>\n<meta name=\"author\" content=\"DraVillanueva\" \/>\n<meta name=\"twitter:card\" content=\"summary_large_image\" \/>\n<meta name=\"twitter:label1\" content=\"Escrito por\" \/>\n\t<meta name=\"twitter:data1\" content=\"DraVillanueva\" \/>\n\t<meta name=\"twitter:label2\" content=\"Tiempo de lectura\" \/>\n\t<meta name=\"twitter:data2\" content=\"2 minutos\" \/>\n<script type=\"application\/ld+json\" class=\"yoast-schema-graph\">{\"@context\":\"https:\\\/\\\/schema.org\",\"@graph\":[{\"@type\":\"Article\",\"@id\":\"https:\\\/\\\/dravillanueva.com\\\/medicina-estetica\\\/pdp-2019-en-la-esade-business-school\\\/#article\",\"isPartOf\":{\"@id\":\"https:\\\/\\\/dravillanueva.com\\\/medicina-estetica\\\/pdp-2019-en-la-esade-business-school\\\/\"},\"author\":{\"name\":\"DraVillanueva\",\"@id\":\"https:\\\/\\\/dravillanueva.com\\\/medicina-estetica\\\/#\\\/schema\\\/person\\\/20e8812d42e5ab44742cc792ef5804f3\"},\"headline\":\"PDP 2019 en la ESADE BUSINESS SCHOOL\",\"datePublished\":\"2019-07-18T10:44:59+00:00\",\"dateModified\":\"2020-01-09T09:31:24+00:00\",\"mainEntityOfPage\":{\"@id\":\"https:\\\/\\\/dravillanueva.com\\\/medicina-estetica\\\/pdp-2019-en-la-esade-business-school\\\/\"},\"wordCount\":423,\"commentCount\":0,\"image\":{\"@id\":\"https:\\\/\\\/dravillanueva.com\\\/medicina-estetica\\\/pdp-2019-en-la-esade-business-school\\\/#primaryimage\"},\"thumbnailUrl\":\"https:\\\/\\\/dravillanueva.com\\\/medicina-estetica\\\/wp-content\\\/uploads\\\/dra-v-pdp-esade-2019.jpeg\",\"keywords\":[\"Curso Propiestarios Directores\",\"ESADE\",\"formaci\u00f3n\",\"PDP 2019\"],\"articleSection\":[\"Formaci\u00f3n\"],\"inLanguage\":\"es\",\"potentialAction\":[{\"@type\":\"CommentAction\",\"name\":\"Comment\",\"target\":[\"https:\\\/\\\/dravillanueva.com\\\/medicina-estetica\\\/pdp-2019-en-la-esade-business-school\\\/#respond\"]}]},{\"@type\":\"WebPage\",\"@id\":\"https:\\\/\\\/dravillanueva.com\\\/medicina-estetica\\\/pdp-2019-en-la-esade-business-school\\\/\",\"url\":\"https:\\\/\\\/dravillanueva.com\\\/medicina-estetica\\\/pdp-2019-en-la-esade-business-school\\\/\",\"name\":\"PDP 2019 en la ESADE BUSINESS SCHOOL - Dravillanueva.com\",\"isPartOf\":{\"@id\":\"https:\\\/\\\/dravillanueva.com\\\/medicina-estetica\\\/#website\"},\"primaryImageOfPage\":{\"@id\":\"https:\\\/\\\/dravillanueva.com\\\/medicina-estetica\\\/pdp-2019-en-la-esade-business-school\\\/#primaryimage\"},\"image\":{\"@id\":\"https:\\\/\\\/dravillanueva.com\\\/medicina-estetica\\\/pdp-2019-en-la-esade-business-school\\\/#primaryimage\"},\"thumbnailUrl\":\"https:\\\/\\\/dravillanueva.com\\\/medicina-estetica\\\/wp-content\\\/uploads\\\/dra-v-pdp-esade-2019.jpeg\",\"datePublished\":\"2019-07-18T10:44:59+00:00\",\"dateModified\":\"2020-01-09T09:31:24+00:00\",\"author\":{\"@id\":\"https:\\\/\\\/dravillanueva.com\\\/medicina-estetica\\\/#\\\/schema\\\/person\\\/20e8812d42e5ab44742cc792ef5804f3\"},\"description\":\"Me cuesta resumir en pocas palabras este Curso Para Directores Propietarios que he realizado en ESADE, sobre diferentes aspectos de la direcci\u00f3n empresarial\",\"breadcrumb\":{\"@id\":\"https:\\\/\\\/dravillanueva.com\\\/medicina-estetica\\\/pdp-2019-en-la-esade-business-school\\\/#breadcrumb\"},\"inLanguage\":\"es\",\"potentialAction\":[{\"@type\":\"ReadAction\",\"target\":[\"https:\\\/\\\/dravillanueva.com\\\/medicina-estetica\\\/pdp-2019-en-la-esade-business-school\\\/\"]}]},{\"@type\":\"ImageObject\",\"inLanguage\":\"es\",\"@id\":\"https:\\\/\\\/dravillanueva.com\\\/medicina-estetica\\\/pdp-2019-en-la-esade-business-school\\\/#primaryimage\",\"url\":\"https:\\\/\\\/dravillanueva.com\\\/medicina-estetica\\\/wp-content\\\/uploads\\\/dra-v-pdp-esade-2019.jpeg\",\"contentUrl\":\"https:\\\/\\\/dravillanueva.com\\\/medicina-estetica\\\/wp-content\\\/uploads\\\/dra-v-pdp-esade-2019.jpeg\",\"width\":1024,\"height\":684,\"caption\":\"dra-v-pdp-esade-2019\"},{\"@type\":\"BreadcrumbList\",\"@id\":\"https:\\\/\\\/dravillanueva.com\\\/medicina-estetica\\\/pdp-2019-en-la-esade-business-school\\\/#breadcrumb\",\"itemListElement\":[{\"@type\":\"ListItem\",\"position\":1,\"name\":\"Portada\",\"item\":\"https:\\\/\\\/dravillanueva.com\\\/medicina-estetica\\\/\"},{\"@type\":\"ListItem\",\"position\":2,\"name\":\"PDP 2019 en la ESADE BUSINESS SCHOOL\"}]},{\"@type\":\"WebSite\",\"@id\":\"https:\\\/\\\/dravillanueva.com\\\/medicina-estetica\\\/#website\",\"url\":\"https:\\\/\\\/dravillanueva.com\\\/medicina-estetica\\\/\",\"name\":\"Dravillanueva.com\",\"description\":\"Especialista en Medicina Est\u00e9tica\",\"potentialAction\":[{\"@type\":\"SearchAction\",\"target\":{\"@type\":\"EntryPoint\",\"urlTemplate\":\"https:\\\/\\\/dravillanueva.com\\\/medicina-estetica\\\/?s={search_term_string}\"},\"query-input\":{\"@type\":\"PropertyValueSpecification\",\"valueRequired\":true,\"valueName\":\"search_term_string\"}}],\"inLanguage\":\"es\"},{\"@type\":\"Person\",\"@id\":\"https:\\\/\\\/dravillanueva.com\\\/medicina-estetica\\\/#\\\/schema\\\/person\\\/20e8812d42e5ab44742cc792ef5804f3\",\"name\":\"DraVillanueva\",\"image\":{\"@type\":\"ImageObject\",\"inLanguage\":\"es\",\"@id\":\"https:\\\/\\\/secure.gravatar.com\\\/avatar\\\/1554bf336e725006bdd1a783c2d2feb8b19e25103edad4c101832ad88c0297e3?s=96&d=mm&r=g\",\"url\":\"https:\\\/\\\/secure.gravatar.com\\\/avatar\\\/1554bf336e725006bdd1a783c2d2feb8b19e25103edad4c101832ad88c0297e3?s=96&d=mm&r=g\",\"contentUrl\":\"https:\\\/\\\/secure.gravatar.com\\\/avatar\\\/1554bf336e725006bdd1a783c2d2feb8b19e25103edad4c101832ad88c0297e3?s=96&d=mm&r=g\",\"caption\":\"DraVillanueva\"},\"url\":\"https:\\\/\\\/dravillanueva.com\\\/medicina-estetica\\\/author\\\/dravillanueva\\\/\"}]}<\/script>\n<!-- \/ Yoast SEO plugin. -->","yoast_head_json":{"title":"PDP 2019 en la ESADE BUSINESS SCHOOL - Dravillanueva.com","description":"Me cuesta resumir en pocas palabras este Curso Para Directores Propietarios que he realizado en ESADE, sobre diferentes aspectos de la direcci\u00f3n empresarial","robots":{"index":"index","follow":"follow","max-snippet":"max-snippet:-1","max-image-preview":"max-image-preview:large","max-video-preview":"max-video-preview:-1"},"canonical":"https:\/\/dravillanueva.com\/medicina-estetica\/pdp-2019-en-la-esade-business-school\/","og_locale":"es_ES","og_type":"article","og_title":"PDP 2019 en la ESADE BUSINESS SCHOOL - Dravillanueva.com","og_description":"Me cuesta resumir en pocas palabras este Curso Para Directores Propietarios que he realizado en ESADE, sobre diferentes aspectos de la direcci\u00f3n empresarial","og_url":"https:\/\/dravillanueva.com\/medicina-estetica\/pdp-2019-en-la-esade-business-school\/","og_site_name":"Dravillanueva.com","article_published_time":"2019-07-18T10:44:59+00:00","article_modified_time":"2020-01-09T09:31:24+00:00","og_image":[{"width":1024,"height":684,"url":"https:\/\/dravillanueva.com\/medicina-estetica\/wp-content\/uploads\/dra-v-pdp-esade-2019.jpeg","type":"image\/jpeg"}],"author":"DraVillanueva","twitter_card":"summary_large_image","twitter_misc":{"Escrito por":"DraVillanueva","Tiempo de lectura":"2 minutos"},"schema":{"@context":"https:\/\/schema.org","@graph":[{"@type":"Article","@id":"https:\/\/dravillanueva.com\/medicina-estetica\/pdp-2019-en-la-esade-business-school\/#article","isPartOf":{"@id":"https:\/\/dravillanueva.com\/medicina-estetica\/pdp-2019-en-la-esade-business-school\/"},"author":{"name":"DraVillanueva","@id":"https:\/\/dravillanueva.com\/medicina-estetica\/#\/schema\/person\/20e8812d42e5ab44742cc792ef5804f3"},"headline":"PDP 2019 en la ESADE BUSINESS SCHOOL","datePublished":"2019-07-18T10:44:59+00:00","dateModified":"2020-01-09T09:31:24+00:00","mainEntityOfPage":{"@id":"https:\/\/dravillanueva.com\/medicina-estetica\/pdp-2019-en-la-esade-business-school\/"},"wordCount":423,"commentCount":0,"image":{"@id":"https:\/\/dravillanueva.com\/medicina-estetica\/pdp-2019-en-la-esade-business-school\/#primaryimage"},"thumbnailUrl":"https:\/\/dravillanueva.com\/medicina-estetica\/wp-content\/uploads\/dra-v-pdp-esade-2019.jpeg","keywords":["Curso Propiestarios Directores","ESADE","formaci\u00f3n","PDP 2019"],"articleSection":["Formaci\u00f3n"],"inLanguage":"es","potentialAction":[{"@type":"CommentAction","name":"Comment","target":["https:\/\/dravillanueva.com\/medicina-estetica\/pdp-2019-en-la-esade-business-school\/#respond"]}]},{"@type":"WebPage","@id":"https:\/\/dravillanueva.com\/medicina-estetica\/pdp-2019-en-la-esade-business-school\/","url":"https:\/\/dravillanueva.com\/medicina-estetica\/pdp-2019-en-la-esade-business-school\/","name":"PDP 2019 en la ESADE BUSINESS SCHOOL - Dravillanueva.com","isPartOf":{"@id":"https:\/\/dravillanueva.com\/medicina-estetica\/#website"},"primaryImageOfPage":{"@id":"https:\/\/dravillanueva.com\/medicina-estetica\/pdp-2019-en-la-esade-business-school\/#primaryimage"},"image":{"@id":"https:\/\/dravillanueva.com\/medicina-estetica\/pdp-2019-en-la-esade-business-school\/#primaryimage"},"thumbnailUrl":"https:\/\/dravillanueva.com\/medicina-estetica\/wp-content\/uploads\/dra-v-pdp-esade-2019.jpeg","datePublished":"2019-07-18T10:44:59+00:00","dateModified":"2020-01-09T09:31:24+00:00","author":{"@id":"https:\/\/dravillanueva.com\/medicina-estetica\/#\/schema\/person\/20e8812d42e5ab44742cc792ef5804f3"},"description":"Me cuesta resumir en pocas palabras este Curso Para Directores Propietarios que he realizado en ESADE, sobre diferentes aspectos de la direcci\u00f3n empresarial","breadcrumb":{"@id":"https:\/\/dravillanueva.com\/medicina-estetica\/pdp-2019-en-la-esade-business-school\/#breadcrumb"},"inLanguage":"es","potentialAction":[{"@type":"ReadAction","target":["https:\/\/dravillanueva.com\/medicina-estetica\/pdp-2019-en-la-esade-business-school\/"]}]},{"@type":"ImageObject","inLanguage":"es","@id":"https:\/\/dravillanueva.com\/medicina-estetica\/pdp-2019-en-la-esade-business-school\/#primaryimage","url":"https:\/\/dravillanueva.com\/medicina-estetica\/wp-content\/uploads\/dra-v-pdp-esade-2019.jpeg","contentUrl":"https:\/\/dravillanueva.com\/medicina-estetica\/wp-content\/uploads\/dra-v-pdp-esade-2019.jpeg","width":1024,"height":684,"caption":"dra-v-pdp-esade-2019"},{"@type":"BreadcrumbList","@id":"https:\/\/dravillanueva.com\/medicina-estetica\/pdp-2019-en-la-esade-business-school\/#breadcrumb","itemListElement":[{"@type":"ListItem","position":1,"name":"Portada","item":"https:\/\/dravillanueva.com\/medicina-estetica\/"},{"@type":"ListItem","position":2,"name":"PDP 2019 en la ESADE BUSINESS SCHOOL"}]},{"@type":"WebSite","@id":"https:\/\/dravillanueva.com\/medicina-estetica\/#website","url":"https:\/\/dravillanueva.com\/medicina-estetica\/","name":"Dravillanueva.com","description":"Especialista en Medicina Est\u00e9tica","potentialAction":[{"@type":"SearchAction","target":{"@type":"EntryPoint","urlTemplate":"https:\/\/dravillanueva.com\/medicina-estetica\/?s={search_term_string}"},"query-input":{"@type":"PropertyValueSpecification","valueRequired":true,"valueName":"search_term_string"}}],"inLanguage":"es"},{"@type":"Person","@id":"https:\/\/dravillanueva.com\/medicina-estetica\/#\/schema\/person\/20e8812d42e5ab44742cc792ef5804f3","name":"DraVillanueva","image":{"@type":"ImageObject","inLanguage":"es","@id":"https:\/\/secure.gravatar.com\/avatar\/1554bf336e725006bdd1a783c2d2feb8b19e25103edad4c101832ad88c0297e3?s=96&d=mm&r=g","url":"https:\/\/secure.gravatar.com\/avatar\/1554bf336e725006bdd1a783c2d2feb8b19e25103edad4c101832ad88c0297e3?s=96&d=mm&r=g","contentUrl":"https:\/\/secure.gravatar.com\/avatar\/1554bf336e725006bdd1a783c2d2feb8b19e25103edad4c101832ad88c0297e3?s=96&d=mm&r=g","caption":"DraVillanueva"},"url":"https:\/\/dravillanueva.com\/medicina-estetica\/author\/dravillanueva\/"}]}},"amp_enabled":true,"_links":{"self":[{"href":"https:\/\/dravillanueva.com\/medicina-estetica\/wp-json\/wp\/v2\/posts\/13266","targetHints":{"allow":["GET"]}}],"collection":[{"href":"https:\/\/dravillanueva.com\/medicina-estetica\/wp-json\/wp\/v2\/posts"}],"about":[{"href":"https:\/\/dravillanueva.com\/medicina-estetica\/wp-json\/wp\/v2\/types\/post"}],"author":[{"embeddable":true,"href":"https:\/\/dravillanueva.com\/medicina-estetica\/wp-json\/wp\/v2\/users\/4"}],"replies":[{"embeddable":true,"href":"https:\/\/dravillanueva.com\/medicina-estetica\/wp-json\/wp\/v2\/comments?post=13266"}],"version-history":[{"count":23,"href":"https:\/\/dravillanueva.com\/medicina-estetica\/wp-json\/wp\/v2\/posts\/13266\/revisions"}],"predecessor-version":[{"id":14092,"href":"https:\/\/dravillanueva.com\/medicina-estetica\/wp-json\/wp\/v2\/posts\/13266\/revisions\/14092"}],"wp:featuredmedia":[{"embeddable":true,"href":"https:\/\/dravillanueva.com\/medicina-estetica\/wp-json\/wp\/v2\/media\/13269"}],"wp:attachment":[{"href":"https:\/\/dravillanueva.com\/medicina-estetica\/wp-json\/wp\/v2\/media?parent=13266"}],"wp:term":[{"taxonomy":"category","embeddable":true,"href":"https:\/\/dravillanueva.com\/medicina-estetica\/wp-json\/wp\/v2\/categories?post=13266"},{"taxonomy":"post_tag","embeddable":true,"href":"https:\/\/dravillanueva.com\/medicina-estetica\/wp-json\/wp\/v2\/tags?post=13266"}],"curies":[{"name":"wp","href":"https:\/\/api.w.org\/{rel}","templated":true}]}}