
{"id":13149,"date":"2019-04-15T11:22:13","date_gmt":"2019-04-15T09:22:13","guid":{"rendered":"http:\/\/dravillanueva.com\/medicina-estetica\/?p=13149"},"modified":"2023-02-23T12:37:53","modified_gmt":"2023-02-23T10:37:53","slug":"md-codes-tour","status":"publish","type":"post","link":"https:\/\/dravillanueva.com\/medicina-estetica\/md-codes-tour\/","title":{"rendered":"MD Codes Tour"},"content":{"rendered":"[vc_row][vc_column][vc_column_text]El primer fin de semana de Abril se celebr\u00f3 en Barcelona en el <strong>IMO (Instituto de Microcirug\u00eda Ocular)<\/strong> un encuentro muy importante para los <strong>Laboratorios Allergan<\/strong>. La cita anual con el cirujano pl\u00e1stico <strong>Mauricio de Maio<\/strong>. Hace muchos a\u00f1os que soy formadora para otros Dres. de Laboratorios Allergan y ya hace 5 a\u00f1os que cada a\u00f1o sigo el programa <strong>MD Codes del Dr. Mauricio de Maio<\/strong>.<\/p>\n<h2>\u00bfQu\u00e9 es el programa MD Codes?<\/h2>\n<p>Pues <strong>MD Codes<\/strong> en una t\u00e9cnica que permite un <strong>lifting facial sin cirug\u00eda,<\/strong> mediante neuromoduladores como el neuromodulador y estructura a base de rellenos de \u00e1cido hialuronico.<\/p>\n<p>Empez\u00f3 con un programa de 8 puntos de estructura con \u00e1cido hialuronico y se ha ido desarrollando y mejorando para cada zona de la cara. Durante 5 a\u00f1os ha ido evolucionando este programa de MD Codes.<\/p>\n<ul>\n<li>1\u00baa\u00f1o: El lifting de 8 puntos.<\/li>\n<li>2\u00ba a\u00f1o Programa Distinction<\/li>\n<li>3\u00baa\u00f1o Programa Visionary<\/li>\n<li>4\u00baa\u00f1o Programa Expresion<\/li>\n<li>5\u00baa\u00f1o Programa Modulation<\/li>\n<\/ul>\n<p>Cada programa va avanzando m\u00e1s en la din\u00e1mica facial y en la importancia de las emociones, en c\u00f3mo se siente el paciente y en que rasgos de su cara son los que m\u00e1s le molestan.<\/p>\n<p>Siempre con una important\u00edsima base anat\u00f3mica y de conocimiento del proceso de envejecimiento, que va desde el hueso hasta los tejidos blandos, como la grasa o la piel. Durante 3 d\u00edas hemos estado con la 5\u00aa fase del programa que nos habla de la miomodulaci\u00f3n, es un concepto nuevo, es el efecto que los rellenos tiene sobre la musculatura y la importancia que eso tiene para conseguir unos resultados naturales. Depende de donde situemos el \u00e1cido hialuronico, el m\u00fasculo puede hacerse mas fuerte o mas d\u00e9bil.<\/p>\n<p>Durante el 3er. d\u00eda tuvimos la sesi\u00f3n para formadores donde adem\u00e1s de avanzar en temas nuevos nos ayuda a tener herramientas para poder formar a otros Dres. dentro del programa de formaci\u00f3n a m\u00e9dicos de Allergan.<\/p>\n<p>Todos los d\u00edas tuvieron su parte pr\u00e1ctica donde pudimos ver trabajar al <strong>Dr. Mauricio de Maio<\/strong> con su t\u00e9cnica de <strong>MD Codes<\/strong> , siempre perfeccionista al m\u00e1ximo y buscando lo mejor para cada paciente.<\/p>\n<p>Es un\u00a0 privilegio formar parte\u00a0 de <strong>AMI ( Allergan Medical Institute)<\/strong> y poder seguir siempre avanzando en esta profesi\u00f3n que adoro y que no nos d\u00e1 tregua en el conocimiento, nunca podemos dejar de formarnos, adem\u00e1s de orgullosa de poder formar a otros profesionales de los cuales tambi\u00e9n siempre aprendo. Gracias a Allergan por esta oportunidad.<\/p>\n  <style>\n    #gallery-674994670 .grid-col-1{height: 600px}\n    #gallery-674994670 .grid-col-1-2{height: 300px}\n    #gallery-674994670 .grid-col-1-3{height:200px}\n    #gallery-674994670 .grid-col-2-3{height: 400px}\n    #gallery-674994670 .grid-col-1-4{height: 150px}\n    #gallery-674994670 .grid-col-3-4{height: 450px}\n\n\n        \/* Tablet *\/\n    @media (max-width: 850px){\n      #gallery-674994670 .grid-col-1{height: 400px}\n      #gallery-674994670 .grid-col-1-2{height: 200px}\n      #gallery-674994670 .grid-col-1-3{height:133.33333333333px}\n      #gallery-674994670 .grid-col-2-3{height: 266.66666666667px}\n      #gallery-674994670 .grid-col-1-4{height: 100px}\n      #gallery-674994670 .grid-col-3-4{height: 300px}\n    }\n    \n        \/* Mobile *\/\n    @media (max-width: 550px){\n      #gallery-674994670 .grid-col-1{height: 400px}\n      #gallery-674994670 .grid-col-1-2{height: 200px}\n      #gallery-674994670 .grid-col-1-3{height:133.33333333333px}\n      #gallery-674994670 .grid-col-2-3{height: 266.66666666667px}\n      #gallery-674994670 .grid-col-1-4{height: 100px}\n      #gallery-674994670 .grid-col-3-4{height: 300px}\n    }\n    \n\n  <\/style>\n  \n  \n    <div id=\"gallery-674994670\" class=\"row  lightbox-multi-gallery row-grid\" data-packery-options='{\"itemSelector\": \".col\", \"gutter\": 0, \"presentageWidth\" : true}'>\n\n  <div class=\"gallery-col col grid-col grid-col-1 large-6 medium-12\" >\n          <div class=\"col-inner\">\n            <a class=\"\" href=\"https:\/\/dravillanueva.com\/medicina-estetica\/wp-content\/uploads\/md-codes-tour-dra-villanueva-28-768x1024.jpeg\" title=\"\u00a1Estos eventos siempre me re\u00fanen con buenos amigos!\">            <div class=\"box has-hover gallery-box box-overlay dark box-text-center\">\n              <div class=\"box-image\" >\n                <img loading=\"lazy\" decoding=\"async\" width=\"600\" height=\"800\" src=\"https:\/\/dravillanueva.com\/medicina-estetica\/wp-content\/uploads\/md-codes-tour-dra-villanueva-28-768x1024.jpeg\" class=\"attachment-large size-large\" alt=\"md-codes-tour-dra-villanueva-28\" ids=\"13178,13182,13156,13155,13160,13159,13181,13180,13177,13176,13175,13174,13173,13172,13171,13170,13169,13168,13167,13166,13165,13164,13163,13162,13161,13158,13157,13154,13153,13188\" type=\"grid\" grid=\"3\" srcset=\"https:\/\/dravillanueva.com\/medicina-estetica\/wp-content\/uploads\/md-codes-tour-dra-villanueva-28.jpeg 768w, https:\/\/dravillanueva.com\/medicina-estetica\/wp-content\/uploads\/md-codes-tour-dra-villanueva-28-225x300.jpeg 225w, https:\/\/dravillanueva.com\/medicina-estetica\/wp-content\/uploads\/md-codes-tour-dra-villanueva-28-600x800.jpeg 600w\" sizes=\"auto, (max-width: 600px) 100vw, 600px\" \/>                                  <div class=\"overlay fill\"\n                      style=\"background-color: rgba(0,0,0,.15)\">\n                  <\/div>\n                                                              <\/div>\n              <div class=\"box-text text-left dark\" >\n                 <p>\u00a1Estos eventos siempre me re\u00fanen con buenos amigos!<\/p>\n              <\/div>\n            <\/div>\n            <\/a>          <\/div>\n         <\/div><div class=\"gallery-col col grid-col grid-col-1-2 large-6 medium-6\" >\n          <div class=\"col-inner\">\n            <a class=\"\" href=\"https:\/\/dravillanueva.com\/medicina-estetica\/wp-content\/uploads\/md-codes-tour-dra-villanueva-31-1024x518.jpg\" title=\"Jornada exclusiva para los 14 formadores Allergan de Espa\u00f1a\">            <div class=\"box has-hover gallery-box box-overlay dark box-text-center\">\n              <div class=\"box-image\" >\n                <img loading=\"lazy\" decoding=\"async\" width=\"300\" height=\"152\" src=\"https:\/\/dravillanueva.com\/medicina-estetica\/wp-content\/uploads\/md-codes-tour-dra-villanueva-31-300x152.jpg\" class=\"attachment-medium size-medium\" alt=\"md-codes-tour-dra-villanueva-31\" ids=\"13178,13182,13156,13155,13160,13159,13181,13180,13177,13176,13175,13174,13173,13172,13171,13170,13169,13168,13167,13166,13165,13164,13163,13162,13161,13158,13157,13154,13153,13188\" type=\"grid\" grid=\"3\" srcset=\"https:\/\/dravillanueva.com\/medicina-estetica\/wp-content\/uploads\/md-codes-tour-dra-villanueva-31-300x152.jpg 300w, https:\/\/dravillanueva.com\/medicina-estetica\/wp-content\/uploads\/md-codes-tour-dra-villanueva-31-768x389.jpg 768w, https:\/\/dravillanueva.com\/medicina-estetica\/wp-content\/uploads\/md-codes-tour-dra-villanueva-31.jpg 1024w, https:\/\/dravillanueva.com\/medicina-estetica\/wp-content\/uploads\/md-codes-tour-dra-villanueva-31-600x304.jpg 600w\" sizes=\"auto, (max-width: 300px) 100vw, 300px\" \/>                                  <div class=\"overlay fill\"\n                      style=\"background-color: rgba(0,0,0,.15)\">\n                  <\/div>\n                                                              <\/div>\n              <div class=\"box-text text-left dark\" >\n                 <p>Jornada exclusiva para los 14 formadores Allergan de Espa\u00f1a<\/p>\n              <\/div>\n            <\/div>\n            <\/a>          <\/div>\n         <\/div><div class=\"gallery-col col grid-col grid-col-1-2 large-3 medium-6\" >\n          <div class=\"col-inner\">\n            <a class=\"\" href=\"https:\/\/dravillanueva.com\/medicina-estetica\/wp-content\/uploads\/md-codes-tour-dra-villanueva-5-1024x768.jpeg\" title=\"Con los doctores Vitor Figuereido, Sara Carrasco y Luis Uva. - Barcelona\">            <div class=\"box has-hover gallery-box box-overlay dark box-text-center\">\n              <div class=\"box-image\" >\n                <img loading=\"lazy\" decoding=\"async\" width=\"300\" height=\"225\" src=\"https:\/\/dravillanueva.com\/medicina-estetica\/wp-content\/uploads\/md-codes-tour-dra-villanueva-5-300x225.jpeg\" class=\"attachment-medium size-medium\" alt=\"md-codes-tour-dra-villanueva-5\" ids=\"13178,13182,13156,13155,13160,13159,13181,13180,13177,13176,13175,13174,13173,13172,13171,13170,13169,13168,13167,13166,13165,13164,13163,13162,13161,13158,13157,13154,13153,13188\" type=\"grid\" grid=\"3\" srcset=\"https:\/\/dravillanueva.com\/medicina-estetica\/wp-content\/uploads\/md-codes-tour-dra-villanueva-5-300x225.jpeg 300w, https:\/\/dravillanueva.com\/medicina-estetica\/wp-content\/uploads\/md-codes-tour-dra-villanueva-5-768x576.jpeg 768w, https:\/\/dravillanueva.com\/medicina-estetica\/wp-content\/uploads\/md-codes-tour-dra-villanueva-5.jpeg 1024w, https:\/\/dravillanueva.com\/medicina-estetica\/wp-content\/uploads\/md-codes-tour-dra-villanueva-5-600x450.jpeg 600w\" sizes=\"auto, (max-width: 300px) 100vw, 300px\" \/>                                  <div class=\"overlay fill\"\n                      style=\"background-color: rgba(0,0,0,.15)\">\n                  <\/div>\n                                                              <\/div>\n              <div class=\"box-text text-left dark\" >\n                 <p>Con los doctores Vitor Figuereido, Sara Carrasco y Luis Uva. - Barcelona<\/p>\n              <\/div>\n            <\/div>\n            <\/a>          <\/div>\n         <\/div><div class=\"gallery-col col grid-col grid-col-1-2 large-3 medium-6\" >\n          <div class=\"col-inner\">\n            <a class=\"\" href=\"https:\/\/dravillanueva.com\/medicina-estetica\/wp-content\/uploads\/md-codes-tour-dra-villanueva-4-1024x768.jpeg\" title=\"Con las Barcelonesas doctoras Salvador, Molina, Mar\u00edn, Vi\u00f1olas y Costa. \">            <div class=\"box has-hover gallery-box box-overlay dark box-text-center\">\n              <div class=\"box-image\" >\n                <img loading=\"lazy\" decoding=\"async\" width=\"300\" height=\"225\" src=\"https:\/\/dravillanueva.com\/medicina-estetica\/wp-content\/uploads\/md-codes-tour-dra-villanueva-4-300x225.jpeg\" class=\"attachment-medium size-medium\" alt=\"md-codes-tour-dra-villanueva-4\" ids=\"13178,13182,13156,13155,13160,13159,13181,13180,13177,13176,13175,13174,13173,13172,13171,13170,13169,13168,13167,13166,13165,13164,13163,13162,13161,13158,13157,13154,13153,13188\" type=\"grid\" grid=\"3\" srcset=\"https:\/\/dravillanueva.com\/medicina-estetica\/wp-content\/uploads\/md-codes-tour-dra-villanueva-4-300x225.jpeg 300w, https:\/\/dravillanueva.com\/medicina-estetica\/wp-content\/uploads\/md-codes-tour-dra-villanueva-4-768x576.jpeg 768w, https:\/\/dravillanueva.com\/medicina-estetica\/wp-content\/uploads\/md-codes-tour-dra-villanueva-4.jpeg 1024w, https:\/\/dravillanueva.com\/medicina-estetica\/wp-content\/uploads\/md-codes-tour-dra-villanueva-4-600x450.jpeg 600w\" sizes=\"auto, (max-width: 300px) 100vw, 300px\" \/>                                  <div class=\"overlay fill\"\n                      style=\"background-color: rgba(0,0,0,.15)\">\n                  <\/div>\n                                                              <\/div>\n              <div class=\"box-text text-left dark\" >\n                 <p>Con las Barcelonesas doctoras Salvador, Molina, Mar\u00edn, Vi\u00f1olas y Costa. <\/p>\n              <\/div>\n            <\/div>\n            <\/a>          <\/div>\n         <\/div><div class=\"gallery-col col grid-col grid-col-1-2 large-3 medium-6\" >\n          <div class=\"col-inner\">\n            <a class=\"\" href=\"https:\/\/dravillanueva.com\/medicina-estetica\/wp-content\/uploads\/md-codes-tour-dra-villanueva-10-768x1024.jpeg\" title=\"\u00a1Muchos a\u00f1os siendo formadores con mi amigo el Dr. Vitor Figuereido!\">            <div class=\"box has-hover gallery-box box-overlay dark box-text-center\">\n              <div class=\"box-image\" >\n                <img loading=\"lazy\" decoding=\"async\" width=\"225\" height=\"300\" src=\"https:\/\/dravillanueva.com\/medicina-estetica\/wp-content\/uploads\/md-codes-tour-dra-villanueva-10-225x300.jpeg\" class=\"attachment-medium size-medium\" alt=\"md-codes-tour-dra-villanueva-10\" ids=\"13178,13182,13156,13155,13160,13159,13181,13180,13177,13176,13175,13174,13173,13172,13171,13170,13169,13168,13167,13166,13165,13164,13163,13162,13161,13158,13157,13154,13153,13188\" type=\"grid\" grid=\"3\" srcset=\"https:\/\/dravillanueva.com\/medicina-estetica\/wp-content\/uploads\/md-codes-tour-dra-villanueva-10-225x300.jpeg 225w, https:\/\/dravillanueva.com\/medicina-estetica\/wp-content\/uploads\/md-codes-tour-dra-villanueva-10.jpeg 768w, https:\/\/dravillanueva.com\/medicina-estetica\/wp-content\/uploads\/md-codes-tour-dra-villanueva-10-600x800.jpeg 600w\" sizes=\"auto, (max-width: 225px) 100vw, 225px\" \/>                                  <div class=\"overlay fill\"\n                      style=\"background-color: rgba(0,0,0,.15)\">\n                  <\/div>\n                                                              <\/div>\n              <div class=\"box-text text-left dark\" >\n                 <p>\u00a1Muchos a\u00f1os siendo formadores con mi amigo el Dr. Vitor Figuereido!<\/p>\n              <\/div>\n            <\/div>\n            <\/a>          <\/div>\n         <\/div><div class=\"gallery-col col grid-col grid-col-1-2 large-3 medium-6\" >\n          <div class=\"col-inner\">\n            <a class=\"\" href=\"https:\/\/dravillanueva.com\/medicina-estetica\/wp-content\/uploads\/md-codes-tour-dra-villanueva-8-768x1024.jpeg\" title=\"Con la Dra. Sara Carrasco\">            <div class=\"box has-hover gallery-box box-overlay dark box-text-center\">\n              <div class=\"box-image\" >\n                <img loading=\"lazy\" decoding=\"async\" width=\"225\" height=\"300\" src=\"https:\/\/dravillanueva.com\/medicina-estetica\/wp-content\/uploads\/md-codes-tour-dra-villanueva-8-225x300.jpeg\" class=\"attachment-medium size-medium\" alt=\"md-codes-tour-dra-villanueva-8\" ids=\"13178,13182,13156,13155,13160,13159,13181,13180,13177,13176,13175,13174,13173,13172,13171,13170,13169,13168,13167,13166,13165,13164,13163,13162,13161,13158,13157,13154,13153,13188\" type=\"grid\" grid=\"3\" srcset=\"https:\/\/dravillanueva.com\/medicina-estetica\/wp-content\/uploads\/md-codes-tour-dra-villanueva-8-225x300.jpeg 225w, https:\/\/dravillanueva.com\/medicina-estetica\/wp-content\/uploads\/md-codes-tour-dra-villanueva-8.jpeg 768w, https:\/\/dravillanueva.com\/medicina-estetica\/wp-content\/uploads\/md-codes-tour-dra-villanueva-8-600x800.jpeg 600w\" sizes=\"auto, (max-width: 225px) 100vw, 225px\" \/>                                  <div class=\"overlay fill\"\n                      style=\"background-color: rgba(0,0,0,.15)\">\n                  <\/div>\n                                                              <\/div>\n              <div class=\"box-text text-left dark\" >\n                 <p>Con la Dra. Sara Carrasco<\/p>\n              <\/div>\n            <\/div>\n            <\/a>          <\/div>\n         <\/div><div class=\"gallery-col col grid-col grid-col-1-2 large-3 medium-6\" >\n          <div class=\"col-inner\">\n            <a class=\"\" href=\"https:\/\/dravillanueva.com\/medicina-estetica\/wp-content\/uploads\/md-codes-tour-dra-villanueva-30-720x1024.png\" title=\"Con las Dras. Costa y Escada\">            <div class=\"box has-hover gallery-box box-overlay dark box-text-center\">\n              <div class=\"box-image\" >\n                <img loading=\"lazy\" decoding=\"async\" width=\"211\" height=\"300\" src=\"https:\/\/dravillanueva.com\/medicina-estetica\/wp-content\/uploads\/md-codes-tour-dra-villanueva-30-211x300.png\" class=\"attachment-medium size-medium\" alt=\"md-codes-tour-dra-villanueva-30\" ids=\"13178,13182,13156,13155,13160,13159,13181,13180,13177,13176,13175,13174,13173,13172,13171,13170,13169,13168,13167,13166,13165,13164,13163,13162,13161,13158,13157,13154,13153,13188\" type=\"grid\" grid=\"3\" srcset=\"https:\/\/dravillanueva.com\/medicina-estetica\/wp-content\/uploads\/md-codes-tour-dra-villanueva-30-211x300.png 211w, https:\/\/dravillanueva.com\/medicina-estetica\/wp-content\/uploads\/md-codes-tour-dra-villanueva-30-720x1024.png 720w, https:\/\/dravillanueva.com\/medicina-estetica\/wp-content\/uploads\/md-codes-tour-dra-villanueva-30-600x853.png 600w, https:\/\/dravillanueva.com\/medicina-estetica\/wp-content\/uploads\/md-codes-tour-dra-villanueva-30.png 750w\" sizes=\"auto, (max-width: 211px) 100vw, 211px\" \/>                                  <div class=\"overlay fill\"\n                      style=\"background-color: rgba(0,0,0,.15)\">\n                  <\/div>\n                                                              <\/div>\n              <div class=\"box-text text-left dark\" >\n                 <p>Con las Dras. Costa y Escada<\/p>\n              <\/div>\n            <\/div>\n            <\/a>          <\/div>\n         <\/div><div class=\"gallery-col col grid-col grid-col-1-2 large-3 medium-6\" >\n          <div class=\"col-inner\">\n            <a class=\"\" href=\"https:\/\/dravillanueva.com\/medicina-estetica\/wp-content\/uploads\/md-codes-tour-dra-villanueva-1024x1005.jpeg\" title=\"\u00a1Acreditada y lista para esta edici\u00f3n del MD Code Tour!\">            <div class=\"box has-hover gallery-box box-overlay dark box-text-center\">\n              <div class=\"box-image\" >\n                <img loading=\"lazy\" decoding=\"async\" width=\"300\" height=\"294\" src=\"https:\/\/dravillanueva.com\/medicina-estetica\/wp-content\/uploads\/md-codes-tour-dra-villanueva-300x294.jpeg\" class=\"attachment-medium size-medium\" alt=\"md-codes-tour-dra-villanueva\" ids=\"13178,13182,13156,13155,13160,13159,13181,13180,13177,13176,13175,13174,13173,13172,13171,13170,13169,13168,13167,13166,13165,13164,13163,13162,13161,13158,13157,13154,13153,13188\" type=\"grid\" grid=\"3\" srcset=\"https:\/\/dravillanueva.com\/medicina-estetica\/wp-content\/uploads\/md-codes-tour-dra-villanueva-300x294.jpeg 300w, https:\/\/dravillanueva.com\/medicina-estetica\/wp-content\/uploads\/md-codes-tour-dra-villanueva-768x754.jpeg 768w, https:\/\/dravillanueva.com\/medicina-estetica\/wp-content\/uploads\/md-codes-tour-dra-villanueva.jpeg 1024w, https:\/\/dravillanueva.com\/medicina-estetica\/wp-content\/uploads\/md-codes-tour-dra-villanueva-600x589.jpeg 600w\" sizes=\"auto, (max-width: 300px) 100vw, 300px\" \/>                                  <div class=\"overlay fill\"\n                      style=\"background-color: rgba(0,0,0,.15)\">\n                  <\/div>\n                                                              <\/div>\n              <div class=\"box-text text-left dark\" >\n                 <p>\u00a1Acreditada y lista para esta edici\u00f3n del MD Code Tour!<\/p>\n              <\/div>\n            <\/div>\n            <\/a>          <\/div>\n         <\/div><div class=\"gallery-col col grid-col grid-col-1-2 large-3 medium-6\" >\n          <div class=\"col-inner\">\n            <a class=\"\" href=\"https:\/\/dravillanueva.com\/medicina-estetica\/wp-content\/uploads\/md-codes-tour-dra-villanueva-27.jpeg\" title=\"\u00a1Estos eventos siempre me re\u00fanen con buenos amigos!\">            <div class=\"box has-hover gallery-box box-overlay dark box-text-center\">\n              <div class=\"box-image\" >\n                <img loading=\"lazy\" decoding=\"async\" width=\"300\" height=\"216\" src=\"https:\/\/dravillanueva.com\/medicina-estetica\/wp-content\/uploads\/md-codes-tour-dra-villanueva-27-300x216.jpeg\" class=\"attachment-medium size-medium\" alt=\"md-codes-tour-dra-villanueva-27\" ids=\"13178,13182,13156,13155,13160,13159,13181,13180,13177,13176,13175,13174,13173,13172,13171,13170,13169,13168,13167,13166,13165,13164,13163,13162,13161,13158,13157,13154,13153,13188\" type=\"grid\" grid=\"3\" srcset=\"https:\/\/dravillanueva.com\/medicina-estetica\/wp-content\/uploads\/md-codes-tour-dra-villanueva-27-300x216.jpeg 300w, https:\/\/dravillanueva.com\/medicina-estetica\/wp-content\/uploads\/md-codes-tour-dra-villanueva-27-768x553.jpeg 768w, https:\/\/dravillanueva.com\/medicina-estetica\/wp-content\/uploads\/md-codes-tour-dra-villanueva-27-600x432.jpeg 600w, https:\/\/dravillanueva.com\/medicina-estetica\/wp-content\/uploads\/md-codes-tour-dra-villanueva-27.jpeg 960w\" sizes=\"auto, (max-width: 300px) 100vw, 300px\" \/>                                  <div class=\"overlay fill\"\n                      style=\"background-color: rgba(0,0,0,.15)\">\n                  <\/div>\n                                                              <\/div>\n              <div class=\"box-text text-left dark\" >\n                 <p>\u00a1Estos eventos siempre me re\u00fanen con buenos amigos!<\/p>\n              <\/div>\n            <\/div>\n            <\/a>          <\/div>\n         <\/div><div class=\"gallery-col col grid-col grid-col-1-2 large-3 medium-6\" >\n          <div class=\"col-inner\">\n            <a class=\"\" href=\"https:\/\/dravillanueva.com\/medicina-estetica\/wp-content\/uploads\/md-codes-tour-dra-villanueva-26-768x1024.jpeg\" title=\"Con Mar Conesa, medical advisor de Allergan\">            <div class=\"box has-hover gallery-box box-overlay dark box-text-center\">\n              <div class=\"box-image\" >\n                <img loading=\"lazy\" decoding=\"async\" width=\"225\" height=\"300\" src=\"https:\/\/dravillanueva.com\/medicina-estetica\/wp-content\/uploads\/md-codes-tour-dra-villanueva-26-225x300.jpeg\" class=\"attachment-medium size-medium\" alt=\"md-codes-tour-dra-villanueva-26\" ids=\"13178,13182,13156,13155,13160,13159,13181,13180,13177,13176,13175,13174,13173,13172,13171,13170,13169,13168,13167,13166,13165,13164,13163,13162,13161,13158,13157,13154,13153,13188\" type=\"grid\" grid=\"3\" srcset=\"https:\/\/dravillanueva.com\/medicina-estetica\/wp-content\/uploads\/md-codes-tour-dra-villanueva-26-225x300.jpeg 225w, https:\/\/dravillanueva.com\/medicina-estetica\/wp-content\/uploads\/md-codes-tour-dra-villanueva-26-768x1024.jpeg 768w, https:\/\/dravillanueva.com\/medicina-estetica\/wp-content\/uploads\/md-codes-tour-dra-villanueva-26-600x800.jpeg 600w, https:\/\/dravillanueva.com\/medicina-estetica\/wp-content\/uploads\/md-codes-tour-dra-villanueva-26.jpeg 1200w\" sizes=\"auto, (max-width: 225px) 100vw, 225px\" \/>                                  <div class=\"overlay fill\"\n                      style=\"background-color: rgba(0,0,0,.15)\">\n                  <\/div>\n                                                              <\/div>\n              <div class=\"box-text text-left dark\" >\n                 <p>Con Mar Conesa, medical advisor de Allergan<\/p>\n              <\/div>\n            <\/div>\n            <\/a>          <\/div>\n         <\/div><div class=\"gallery-col col grid-col grid-col-1-2 large-3 medium-6\" >\n          <div class=\"col-inner\">\n            <a class=\"\" href=\"https:\/\/dravillanueva.com\/medicina-estetica\/wp-content\/uploads\/md-codes-tour-dra-villanueva-25-936x1024.jpeg\" title=\"Junto a la Dra. Tania Betancor\">            <div class=\"box has-hover gallery-box box-overlay dark box-text-center\">\n              <div class=\"box-image\" >\n                <img loading=\"lazy\" decoding=\"async\" width=\"274\" height=\"300\" src=\"https:\/\/dravillanueva.com\/medicina-estetica\/wp-content\/uploads\/md-codes-tour-dra-villanueva-25-274x300.jpeg\" class=\"attachment-medium size-medium\" alt=\"md-codes-tour-dra-villanueva-25\" ids=\"13178,13182,13156,13155,13160,13159,13181,13180,13177,13176,13175,13174,13173,13172,13171,13170,13169,13168,13167,13166,13165,13164,13163,13162,13161,13158,13157,13154,13153,13188\" type=\"grid\" grid=\"3\" srcset=\"https:\/\/dravillanueva.com\/medicina-estetica\/wp-content\/uploads\/md-codes-tour-dra-villanueva-25-274x300.jpeg 274w, https:\/\/dravillanueva.com\/medicina-estetica\/wp-content\/uploads\/md-codes-tour-dra-villanueva-25-768x840.jpeg 768w, https:\/\/dravillanueva.com\/medicina-estetica\/wp-content\/uploads\/md-codes-tour-dra-villanueva-25.jpeg 936w, https:\/\/dravillanueva.com\/medicina-estetica\/wp-content\/uploads\/md-codes-tour-dra-villanueva-25-600x656.jpeg 600w\" sizes=\"auto, (max-width: 274px) 100vw, 274px\" \/>                                  <div class=\"overlay fill\"\n                      style=\"background-color: rgba(0,0,0,.15)\">\n                  <\/div>\n                                                              <\/div>\n              <div class=\"box-text text-left dark\" >\n                 <p>Junto a la Dra. Tania Betancor<\/p>\n              <\/div>\n            <\/div>\n            <\/a>          <\/div>\n         <\/div><div class=\"gallery-col col grid-col grid-col-1-2 large-3 medium-6\" >\n          <div class=\"col-inner\">\n            <a class=\"\" href=\"https:\/\/dravillanueva.com\/medicina-estetica\/wp-content\/uploads\/md-codes-tour-dra-villanueva-24-768x1024.jpeg\" title=\"Realizando diagn\u00f3sticos en el Beauty Decoded\">            <div class=\"box has-hover gallery-box box-overlay dark box-text-center\">\n              <div class=\"box-image\" >\n                <img loading=\"lazy\" decoding=\"async\" width=\"225\" height=\"300\" src=\"https:\/\/dravillanueva.com\/medicina-estetica\/wp-content\/uploads\/md-codes-tour-dra-villanueva-24-225x300.jpeg\" class=\"attachment-medium size-medium\" alt=\"md-codes-tour-dra-villanueva-24\" ids=\"13178,13182,13156,13155,13160,13159,13181,13180,13177,13176,13175,13174,13173,13172,13171,13170,13169,13168,13167,13166,13165,13164,13163,13162,13161,13158,13157,13154,13153,13188\" type=\"grid\" grid=\"3\" srcset=\"https:\/\/dravillanueva.com\/medicina-estetica\/wp-content\/uploads\/md-codes-tour-dra-villanueva-24-225x300.jpeg 225w, https:\/\/dravillanueva.com\/medicina-estetica\/wp-content\/uploads\/md-codes-tour-dra-villanueva-24.jpeg 768w, https:\/\/dravillanueva.com\/medicina-estetica\/wp-content\/uploads\/md-codes-tour-dra-villanueva-24-600x800.jpeg 600w\" sizes=\"auto, (max-width: 225px) 100vw, 225px\" \/>                                  <div class=\"overlay fill\"\n                      style=\"background-color: rgba(0,0,0,.15)\">\n                  <\/div>\n                                                              <\/div>\n              <div class=\"box-text text-left dark\" >\n                 <p>Realizando diagn\u00f3sticos en el Beauty Decoded<\/p>\n              <\/div>\n            <\/div>\n            <\/a>          <\/div>\n         <\/div><div class=\"gallery-col col grid-col grid-col-1-2 large-3 medium-6\" >\n          <div class=\"col-inner\">\n            <a class=\"\" href=\"https:\/\/dravillanueva.com\/medicina-estetica\/wp-content\/uploads\/md-codes-tour-dra-villanueva-23-1024x768.jpeg\" title=\"\">            <div class=\"box has-hover gallery-box box-overlay dark box-text-center\">\n              <div class=\"box-image\" >\n                <img loading=\"lazy\" decoding=\"async\" width=\"300\" height=\"225\" src=\"https:\/\/dravillanueva.com\/medicina-estetica\/wp-content\/uploads\/md-codes-tour-dra-villanueva-23-300x225.jpeg\" class=\"attachment-medium size-medium\" alt=\"\" ids=\"13178,13182,13156,13155,13160,13159,13181,13180,13177,13176,13175,13174,13173,13172,13171,13170,13169,13168,13167,13166,13165,13164,13163,13162,13161,13158,13157,13154,13153,13188\" type=\"grid\" grid=\"3\" srcset=\"https:\/\/dravillanueva.com\/medicina-estetica\/wp-content\/uploads\/md-codes-tour-dra-villanueva-23-300x225.jpeg 300w, https:\/\/dravillanueva.com\/medicina-estetica\/wp-content\/uploads\/md-codes-tour-dra-villanueva-23-768x576.jpeg 768w, https:\/\/dravillanueva.com\/medicina-estetica\/wp-content\/uploads\/md-codes-tour-dra-villanueva-23.jpeg 1024w, https:\/\/dravillanueva.com\/medicina-estetica\/wp-content\/uploads\/md-codes-tour-dra-villanueva-23-600x450.jpeg 600w\" sizes=\"auto, (max-width: 300px) 100vw, 300px\" \/>                                  <div class=\"overlay fill\"\n                      style=\"background-color: rgba(0,0,0,.15)\">\n                  <\/div>\n                                                              <\/div>\n              <div class=\"box-text text-left dark\" >\n                 <p><\/p>\n              <\/div>\n            <\/div>\n            <\/a>          <\/div>\n         <\/div><div class=\"gallery-col col grid-col grid-col-1-2 large-3 medium-6\" >\n          <div class=\"col-inner\">\n            <a class=\"\" href=\"https:\/\/dravillanueva.com\/medicina-estetica\/wp-content\/uploads\/md-codes-tour-dra-villanueva-22-e1555322787866-1024x768.jpeg\" title=\"\u00a1Con mis amigas Silvia C\u00f3ppulo y N\u00faria Bordera que tambi\u00e9n asistieron al evento!\">            <div class=\"box has-hover gallery-box box-overlay dark box-text-center\">\n              <div class=\"box-image\" >\n                <img loading=\"lazy\" decoding=\"async\" width=\"300\" height=\"225\" src=\"https:\/\/dravillanueva.com\/medicina-estetica\/wp-content\/uploads\/md-codes-tour-dra-villanueva-22-e1555322787866-300x225.jpeg\" class=\"attachment-medium size-medium\" alt=\"md-codes-tour-dra-villanueva-22\" ids=\"13178,13182,13156,13155,13160,13159,13181,13180,13177,13176,13175,13174,13173,13172,13171,13170,13169,13168,13167,13166,13165,13164,13163,13162,13161,13158,13157,13154,13153,13188\" type=\"grid\" grid=\"3\" srcset=\"https:\/\/dravillanueva.com\/medicina-estetica\/wp-content\/uploads\/md-codes-tour-dra-villanueva-22-e1555322787866-300x225.jpeg 300w, https:\/\/dravillanueva.com\/medicina-estetica\/wp-content\/uploads\/md-codes-tour-dra-villanueva-22-e1555322787866-768x576.jpeg 768w, https:\/\/dravillanueva.com\/medicina-estetica\/wp-content\/uploads\/md-codes-tour-dra-villanueva-22-e1555322787866.jpeg 1024w, https:\/\/dravillanueva.com\/medicina-estetica\/wp-content\/uploads\/md-codes-tour-dra-villanueva-22-e1555322787866-600x450.jpeg 600w, https:\/\/dravillanueva.com\/medicina-estetica\/wp-content\/uploads\/md-codes-tour-dra-villanueva-22-e1555322787866-330x248.jpeg 330w, https:\/\/dravillanueva.com\/medicina-estetica\/wp-content\/uploads\/md-codes-tour-dra-villanueva-22-e1555322787866-552x414.jpeg 552w, https:\/\/dravillanueva.com\/medicina-estetica\/wp-content\/uploads\/md-codes-tour-dra-villanueva-22-e1555322787866-414x311.jpeg 414w\" sizes=\"auto, (max-width: 300px) 100vw, 300px\" \/>                                  <div class=\"overlay fill\"\n                      style=\"background-color: rgba(0,0,0,.15)\">\n                  <\/div>\n                                                              <\/div>\n              <div class=\"box-text text-left dark\" >\n                 <p>\u00a1Con mis amigas Silvia C\u00f3ppulo y N\u00faria Bordera que tambi\u00e9n asistieron al evento!<\/p>\n              <\/div>\n            <\/div>\n            <\/a>          <\/div>\n         <\/div><div class=\"gallery-col col grid-col grid-col-1-2 large-3 medium-6\" >\n          <div class=\"col-inner\">\n            <a class=\"\" href=\"https:\/\/dravillanueva.com\/medicina-estetica\/wp-content\/uploads\/md-codes-tour-dra-villanueva-21-1024x768.jpeg\" title=\"\u00a1El Dr. de Maio tambi\u00e9n comparti\u00f3 sus conocimientos en este evento!\">            <div class=\"box has-hover gallery-box box-overlay dark box-text-center\">\n              <div class=\"box-image\" >\n                <img loading=\"lazy\" decoding=\"async\" width=\"300\" height=\"225\" src=\"https:\/\/dravillanueva.com\/medicina-estetica\/wp-content\/uploads\/md-codes-tour-dra-villanueva-21-300x225.jpeg\" class=\"attachment-medium size-medium\" alt=\"md-codes-tour-dra-villanueva-21\" ids=\"13178,13182,13156,13155,13160,13159,13181,13180,13177,13176,13175,13174,13173,13172,13171,13170,13169,13168,13167,13166,13165,13164,13163,13162,13161,13158,13157,13154,13153,13188\" type=\"grid\" grid=\"3\" srcset=\"https:\/\/dravillanueva.com\/medicina-estetica\/wp-content\/uploads\/md-codes-tour-dra-villanueva-21-300x225.jpeg 300w, https:\/\/dravillanueva.com\/medicina-estetica\/wp-content\/uploads\/md-codes-tour-dra-villanueva-21-768x576.jpeg 768w, https:\/\/dravillanueva.com\/medicina-estetica\/wp-content\/uploads\/md-codes-tour-dra-villanueva-21-1024x768.jpeg 1024w, https:\/\/dravillanueva.com\/medicina-estetica\/wp-content\/uploads\/md-codes-tour-dra-villanueva-21-600x450.jpeg 600w, https:\/\/dravillanueva.com\/medicina-estetica\/wp-content\/uploads\/md-codes-tour-dra-villanueva-21.jpeg 1600w\" sizes=\"auto, (max-width: 300px) 100vw, 300px\" \/>                                  <div class=\"overlay fill\"\n                      style=\"background-color: rgba(0,0,0,.15)\">\n                  <\/div>\n                                                              <\/div>\n              <div class=\"box-text text-left dark\" >\n                 <p>\u00a1El Dr. de Maio tambi\u00e9n comparti\u00f3 sus conocimientos en este evento!<\/p>\n              <\/div>\n            <\/div>\n            <\/a>          <\/div>\n         <\/div><div class=\"gallery-col col grid-col grid-col-1-2 large-3 medium-6\" >\n          <div class=\"col-inner\">\n            <a class=\"\" href=\"https:\/\/dravillanueva.com\/medicina-estetica\/wp-content\/uploads\/md-codes-tour-dra-villanueva-20-1024x768.jpeg\" title=\"Andrea Villalonga nos habl\u00f3 sobre la imagen corporal\">            <div class=\"box has-hover gallery-box box-overlay dark box-text-center\">\n              <div class=\"box-image\" >\n                <img loading=\"lazy\" decoding=\"async\" width=\"300\" height=\"225\" src=\"https:\/\/dravillanueva.com\/medicina-estetica\/wp-content\/uploads\/md-codes-tour-dra-villanueva-20-300x225.jpeg\" class=\"attachment-medium size-medium\" alt=\"md-codes-tour-dra-villanueva-20\" ids=\"13178,13182,13156,13155,13160,13159,13181,13180,13177,13176,13175,13174,13173,13172,13171,13170,13169,13168,13167,13166,13165,13164,13163,13162,13161,13158,13157,13154,13153,13188\" type=\"grid\" grid=\"3\" srcset=\"https:\/\/dravillanueva.com\/medicina-estetica\/wp-content\/uploads\/md-codes-tour-dra-villanueva-20-300x225.jpeg 300w, https:\/\/dravillanueva.com\/medicina-estetica\/wp-content\/uploads\/md-codes-tour-dra-villanueva-20-768x576.jpeg 768w, https:\/\/dravillanueva.com\/medicina-estetica\/wp-content\/uploads\/md-codes-tour-dra-villanueva-20-1024x768.jpeg 1024w, https:\/\/dravillanueva.com\/medicina-estetica\/wp-content\/uploads\/md-codes-tour-dra-villanueva-20-600x450.jpeg 600w, https:\/\/dravillanueva.com\/medicina-estetica\/wp-content\/uploads\/md-codes-tour-dra-villanueva-20.jpeg 1600w\" sizes=\"auto, (max-width: 300px) 100vw, 300px\" \/>                                  <div class=\"overlay fill\"\n                      style=\"background-color: rgba(0,0,0,.15)\">\n                  <\/div>\n                                                              <\/div>\n              <div class=\"box-text text-left dark\" >\n                 <p>Andrea Villalonga nos habl\u00f3 sobre la imagen corporal<\/p>\n              <\/div>\n            <\/div>\n            <\/a>          <\/div>\n         <\/div><div class=\"gallery-col col grid-col grid-col-1-2 large-3 medium-6\" >\n          <div class=\"col-inner\">\n            <a class=\"\" href=\"https:\/\/dravillanueva.com\/medicina-estetica\/wp-content\/uploads\/md-codes-tour-dra-villanueva-19-1024x768.jpeg\" title=\"Marta Robles condujo el evento Beauty Decoded\">            <div class=\"box has-hover gallery-box box-overlay dark box-text-center\">\n              <div class=\"box-image\" >\n                <img loading=\"lazy\" decoding=\"async\" width=\"300\" height=\"225\" src=\"https:\/\/dravillanueva.com\/medicina-estetica\/wp-content\/uploads\/md-codes-tour-dra-villanueva-19-300x225.jpeg\" class=\"attachment-medium size-medium\" alt=\"md-codes-tour-dra-villanueva-19\" ids=\"13178,13182,13156,13155,13160,13159,13181,13180,13177,13176,13175,13174,13173,13172,13171,13170,13169,13168,13167,13166,13165,13164,13163,13162,13161,13158,13157,13154,13153,13188\" type=\"grid\" grid=\"3\" srcset=\"https:\/\/dravillanueva.com\/medicina-estetica\/wp-content\/uploads\/md-codes-tour-dra-villanueva-19-300x225.jpeg 300w, https:\/\/dravillanueva.com\/medicina-estetica\/wp-content\/uploads\/md-codes-tour-dra-villanueva-19-768x576.jpeg 768w, https:\/\/dravillanueva.com\/medicina-estetica\/wp-content\/uploads\/md-codes-tour-dra-villanueva-19-1024x768.jpeg 1024w, https:\/\/dravillanueva.com\/medicina-estetica\/wp-content\/uploads\/md-codes-tour-dra-villanueva-19-600x450.jpeg 600w, https:\/\/dravillanueva.com\/medicina-estetica\/wp-content\/uploads\/md-codes-tour-dra-villanueva-19.jpeg 1600w\" sizes=\"auto, (max-width: 300px) 100vw, 300px\" \/>                                  <div class=\"overlay fill\"\n                      style=\"background-color: rgba(0,0,0,.15)\">\n                  <\/div>\n                                                              <\/div>\n              <div class=\"box-text text-left dark\" >\n                 <p>Marta Robles condujo el evento Beauty Decoded<\/p>\n              <\/div>\n            <\/div>\n            <\/a>          <\/div>\n         <\/div><div class=\"gallery-col col grid-col grid-col-1-2 large-3 medium-6\" >\n          <div class=\"col-inner\">\n            <a class=\"\" href=\"https:\/\/dravillanueva.com\/medicina-estetica\/wp-content\/uploads\/md-codes-tour-dra-villanueva-18-768x1024.jpeg\" title=\"Con la Dra. Iratxe D\u00edaz\">            <div class=\"box has-hover gallery-box box-overlay dark box-text-center\">\n              <div class=\"box-image\" >\n                <img loading=\"lazy\" decoding=\"async\" width=\"225\" height=\"300\" src=\"https:\/\/dravillanueva.com\/medicina-estetica\/wp-content\/uploads\/md-codes-tour-dra-villanueva-18-225x300.jpeg\" class=\"attachment-medium size-medium\" alt=\"md-codes-tour-dra-villanueva-18\" ids=\"13178,13182,13156,13155,13160,13159,13181,13180,13177,13176,13175,13174,13173,13172,13171,13170,13169,13168,13167,13166,13165,13164,13163,13162,13161,13158,13157,13154,13153,13188\" type=\"grid\" grid=\"3\" srcset=\"https:\/\/dravillanueva.com\/medicina-estetica\/wp-content\/uploads\/md-codes-tour-dra-villanueva-18-225x300.jpeg 225w, https:\/\/dravillanueva.com\/medicina-estetica\/wp-content\/uploads\/md-codes-tour-dra-villanueva-18.jpeg 768w, https:\/\/dravillanueva.com\/medicina-estetica\/wp-content\/uploads\/md-codes-tour-dra-villanueva-18-600x800.jpeg 600w\" sizes=\"auto, (max-width: 225px) 100vw, 225px\" \/>                                  <div class=\"overlay fill\"\n                      style=\"background-color: rgba(0,0,0,.15)\">\n                  <\/div>\n                                                              <\/div>\n              <div class=\"box-text text-left dark\" >\n                 <p>Con la Dra. Iratxe D\u00edaz<\/p>\n              <\/div>\n            <\/div>\n            <\/a>          <\/div>\n         <\/div><div class=\"gallery-col col grid-col grid-col-1-2 large-3 medium-6\" >\n          <div class=\"col-inner\">\n            <a class=\"\" href=\"https:\/\/dravillanueva.com\/medicina-estetica\/wp-content\/uploads\/md-codes-tour-dra-villanueva-17-1024x768.jpeg\" title=\"Zona de diagn\u00f3stico del evento Beauty Decoded\">            <div class=\"box has-hover gallery-box box-overlay dark box-text-center\">\n              <div class=\"box-image\" >\n                <img loading=\"lazy\" decoding=\"async\" width=\"300\" height=\"225\" src=\"https:\/\/dravillanueva.com\/medicina-estetica\/wp-content\/uploads\/md-codes-tour-dra-villanueva-17-300x225.jpeg\" class=\"attachment-medium size-medium\" alt=\"md-codes-tour-dra-villanueva-17\" ids=\"13178,13182,13156,13155,13160,13159,13181,13180,13177,13176,13175,13174,13173,13172,13171,13170,13169,13168,13167,13166,13165,13164,13163,13162,13161,13158,13157,13154,13153,13188\" type=\"grid\" grid=\"3\" srcset=\"https:\/\/dravillanueva.com\/medicina-estetica\/wp-content\/uploads\/md-codes-tour-dra-villanueva-17-300x225.jpeg 300w, https:\/\/dravillanueva.com\/medicina-estetica\/wp-content\/uploads\/md-codes-tour-dra-villanueva-17-768x576.jpeg 768w, https:\/\/dravillanueva.com\/medicina-estetica\/wp-content\/uploads\/md-codes-tour-dra-villanueva-17.jpeg 1024w, https:\/\/dravillanueva.com\/medicina-estetica\/wp-content\/uploads\/md-codes-tour-dra-villanueva-17-600x450.jpeg 600w\" sizes=\"auto, (max-width: 300px) 100vw, 300px\" \/>                                  <div class=\"overlay fill\"\n                      style=\"background-color: rgba(0,0,0,.15)\">\n                  <\/div>\n                                                              <\/div>\n              <div class=\"box-text text-left dark\" >\n                 <p>Zona de diagn\u00f3stico del evento Beauty Decoded<\/p>\n              <\/div>\n            <\/div>\n            <\/a>          <\/div>\n         <\/div><div class=\"gallery-col col grid-col grid-col-1-2 large-3 medium-6\" >\n          <div class=\"col-inner\">\n            <a class=\"\" href=\"https:\/\/dravillanueva.com\/medicina-estetica\/wp-content\/uploads\/md-codes-tour-dra-villanueva-16.jpeg\" title=\"Todo preparado en el Museo Mar\u00edtimo, que acogi\u00f3 el evento Beauty Decoded\">            <div class=\"box has-hover gallery-box box-overlay dark box-text-center\">\n              <div class=\"box-image\" >\n                <img loading=\"lazy\" decoding=\"async\" width=\"300\" height=\"300\" src=\"https:\/\/dravillanueva.com\/medicina-estetica\/wp-content\/uploads\/md-codes-tour-dra-villanueva-16-300x300.jpeg\" class=\"attachment-medium size-medium\" alt=\"md-codes-tour-dra-villanueva-16\" ids=\"13178,13182,13156,13155,13160,13159,13181,13180,13177,13176,13175,13174,13173,13172,13171,13170,13169,13168,13167,13166,13165,13164,13163,13162,13161,13158,13157,13154,13153,13188\" type=\"grid\" grid=\"3\" srcset=\"https:\/\/dravillanueva.com\/medicina-estetica\/wp-content\/uploads\/md-codes-tour-dra-villanueva-16-300x300.jpeg 300w, https:\/\/dravillanueva.com\/medicina-estetica\/wp-content\/uploads\/md-codes-tour-dra-villanueva-16-150x150.jpeg 150w, https:\/\/dravillanueva.com\/medicina-estetica\/wp-content\/uploads\/md-codes-tour-dra-villanueva-16-768x768.jpeg 768w, https:\/\/dravillanueva.com\/medicina-estetica\/wp-content\/uploads\/md-codes-tour-dra-villanueva-16-600x600.jpeg 600w, https:\/\/dravillanueva.com\/medicina-estetica\/wp-content\/uploads\/md-codes-tour-dra-villanueva-16.jpeg 1024w\" sizes=\"auto, (max-width: 300px) 100vw, 300px\" \/>                                  <div class=\"overlay fill\"\n                      style=\"background-color: rgba(0,0,0,.15)\">\n                  <\/div>\n                                                              <\/div>\n              <div class=\"box-text text-left dark\" >\n                 <p>Todo preparado en el Museo Mar\u00edtimo, que acogi\u00f3 el evento Beauty Decoded<\/p>\n              <\/div>\n            <\/div>\n            <\/a>          <\/div>\n         <\/div><div class=\"gallery-col col grid-col grid-col-1-2 large-3 medium-6\" >\n          <div class=\"col-inner\">\n            <a class=\"\" href=\"https:\/\/dravillanueva.com\/medicina-estetica\/wp-content\/uploads\/md-codes-tour-dra-villanueva-15-1024x768.jpeg\" title=\"Con los formadores del evento Vogue Beauty Decoded - Barcelona \">            <div class=\"box has-hover gallery-box box-overlay dark box-text-center\">\n              <div class=\"box-image\" >\n                <img loading=\"lazy\" decoding=\"async\" width=\"300\" height=\"225\" src=\"https:\/\/dravillanueva.com\/medicina-estetica\/wp-content\/uploads\/md-codes-tour-dra-villanueva-15-300x225.jpeg\" class=\"attachment-medium size-medium\" alt=\"Con los formadores del evento Vogue Beauty Decoded - Barcelona\" ids=\"13178,13182,13156,13155,13160,13159,13181,13180,13177,13176,13175,13174,13173,13172,13171,13170,13169,13168,13167,13166,13165,13164,13163,13162,13161,13158,13157,13154,13153,13188\" type=\"grid\" grid=\"3\" srcset=\"https:\/\/dravillanueva.com\/medicina-estetica\/wp-content\/uploads\/md-codes-tour-dra-villanueva-15-300x225.jpeg 300w, https:\/\/dravillanueva.com\/medicina-estetica\/wp-content\/uploads\/md-codes-tour-dra-villanueva-15-768x576.jpeg 768w, https:\/\/dravillanueva.com\/medicina-estetica\/wp-content\/uploads\/md-codes-tour-dra-villanueva-15.jpeg 1024w, https:\/\/dravillanueva.com\/medicina-estetica\/wp-content\/uploads\/md-codes-tour-dra-villanueva-15-600x450.jpeg 600w\" sizes=\"auto, (max-width: 300px) 100vw, 300px\" \/>                                  <div class=\"overlay fill\"\n                      style=\"background-color: rgba(0,0,0,.15)\">\n                  <\/div>\n                                                              <\/div>\n              <div class=\"box-text text-left dark\" >\n                 <p>Con los formadores del evento Vogue Beauty Decoded - Barcelona <\/p>\n              <\/div>\n            <\/div>\n            <\/a>          <\/div>\n         <\/div><div class=\"gallery-col col grid-col grid-col-1-2 large-3 medium-6\" >\n          <div class=\"col-inner\">\n            <a class=\"\" href=\"https:\/\/dravillanueva.com\/medicina-estetica\/wp-content\/uploads\/md-codes-tour-dra-villanueva-14-768x1024.jpeg\" title=\"\u00a1Por la tarde tuvimos un evento con Vogue!\">            <div class=\"box has-hover gallery-box box-overlay dark box-text-center\">\n              <div class=\"box-image\" >\n                <img loading=\"lazy\" decoding=\"async\" width=\"225\" height=\"300\" src=\"https:\/\/dravillanueva.com\/medicina-estetica\/wp-content\/uploads\/md-codes-tour-dra-villanueva-14-225x300.jpeg\" class=\"attachment-medium size-medium\" alt=\"md-codes-tour-dra-villanueva-14\" ids=\"13178,13182,13156,13155,13160,13159,13181,13180,13177,13176,13175,13174,13173,13172,13171,13170,13169,13168,13167,13166,13165,13164,13163,13162,13161,13158,13157,13154,13153,13188\" type=\"grid\" grid=\"3\" srcset=\"https:\/\/dravillanueva.com\/medicina-estetica\/wp-content\/uploads\/md-codes-tour-dra-villanueva-14-225x300.jpeg 225w, https:\/\/dravillanueva.com\/medicina-estetica\/wp-content\/uploads\/md-codes-tour-dra-villanueva-14.jpeg 768w, https:\/\/dravillanueva.com\/medicina-estetica\/wp-content\/uploads\/md-codes-tour-dra-villanueva-14-600x800.jpeg 600w\" sizes=\"auto, (max-width: 225px) 100vw, 225px\" \/>                                  <div class=\"overlay fill\"\n                      style=\"background-color: rgba(0,0,0,.15)\">\n                  <\/div>\n                                                              <\/div>\n              <div class=\"box-text text-left dark\" >\n                 <p>\u00a1Por la tarde tuvimos un evento con Vogue!<\/p>\n              <\/div>\n            <\/div>\n            <\/a>          <\/div>\n         <\/div><div class=\"gallery-col col grid-col grid-col-1-2 large-3 medium-6\" >\n          <div class=\"col-inner\">\n            <a class=\"\" href=\"https:\/\/dravillanueva.com\/medicina-estetica\/wp-content\/uploads\/md-codes-tour-dra-villanueva-13-1024x790.jpeg\" title=\"Afortunada otro a\u00f1o m\u00e1s de aprender junto a Mauricio de Maio, \u00a1nunca dejas de aprender con \u00e9l! - Barcelona\">            <div class=\"box has-hover gallery-box box-overlay dark box-text-center\">\n              <div class=\"box-image\" >\n                <img loading=\"lazy\" decoding=\"async\" width=\"300\" height=\"231\" src=\"https:\/\/dravillanueva.com\/medicina-estetica\/wp-content\/uploads\/md-codes-tour-dra-villanueva-13-300x231.jpeg\" class=\"attachment-medium size-medium\" alt=\"md-codes-tour-dra-villanueva-13\" ids=\"13178,13182,13156,13155,13160,13159,13181,13180,13177,13176,13175,13174,13173,13172,13171,13170,13169,13168,13167,13166,13165,13164,13163,13162,13161,13158,13157,13154,13153,13188\" type=\"grid\" grid=\"3\" srcset=\"https:\/\/dravillanueva.com\/medicina-estetica\/wp-content\/uploads\/md-codes-tour-dra-villanueva-13-300x231.jpeg 300w, https:\/\/dravillanueva.com\/medicina-estetica\/wp-content\/uploads\/md-codes-tour-dra-villanueva-13-768x593.jpeg 768w, https:\/\/dravillanueva.com\/medicina-estetica\/wp-content\/uploads\/md-codes-tour-dra-villanueva-13.jpeg 1024w, https:\/\/dravillanueva.com\/medicina-estetica\/wp-content\/uploads\/md-codes-tour-dra-villanueva-13-600x463.jpeg 600w\" sizes=\"auto, (max-width: 300px) 100vw, 300px\" \/>                                  <div class=\"overlay fill\"\n                      style=\"background-color: rgba(0,0,0,.15)\">\n                  <\/div>\n                                                              <\/div>\n              <div class=\"box-text text-left dark\" >\n                 <p>Afortunada otro a\u00f1o m\u00e1s de aprender junto a Mauricio de Maio, \u00a1nunca dejas de aprender con \u00e9l! - Barcelona<\/p>\n              <\/div>\n            <\/div>\n            <\/a>          <\/div>\n         <\/div><div class=\"gallery-col col grid-col grid-col-1-2 large-3 medium-6\" >\n          <div class=\"col-inner\">\n            <a class=\"\" href=\"https:\/\/dravillanueva.com\/medicina-estetica\/wp-content\/uploads\/md-codes-tour-dra-villanueva-12-1024x768.jpeg\" title=\"\u00a1Gracias al equipo de Allergan por todo!\">            <div class=\"box has-hover gallery-box box-overlay dark box-text-center\">\n              <div class=\"box-image\" >\n                <img loading=\"lazy\" decoding=\"async\" width=\"300\" height=\"225\" src=\"https:\/\/dravillanueva.com\/medicina-estetica\/wp-content\/uploads\/md-codes-tour-dra-villanueva-12-300x225.jpeg\" class=\"attachment-medium size-medium\" alt=\"md-codes-tour-dra-villanueva-12\" ids=\"13178,13182,13156,13155,13160,13159,13181,13180,13177,13176,13175,13174,13173,13172,13171,13170,13169,13168,13167,13166,13165,13164,13163,13162,13161,13158,13157,13154,13153,13188\" type=\"grid\" grid=\"3\" srcset=\"https:\/\/dravillanueva.com\/medicina-estetica\/wp-content\/uploads\/md-codes-tour-dra-villanueva-12-300x225.jpeg 300w, https:\/\/dravillanueva.com\/medicina-estetica\/wp-content\/uploads\/md-codes-tour-dra-villanueva-12-768x576.jpeg 768w, https:\/\/dravillanueva.com\/medicina-estetica\/wp-content\/uploads\/md-codes-tour-dra-villanueva-12.jpeg 1024w, https:\/\/dravillanueva.com\/medicina-estetica\/wp-content\/uploads\/md-codes-tour-dra-villanueva-12-600x450.jpeg 600w\" sizes=\"auto, (max-width: 300px) 100vw, 300px\" \/>                                  <div class=\"overlay fill\"\n                      style=\"background-color: rgba(0,0,0,.15)\">\n                  <\/div>\n                                                              <\/div>\n              <div class=\"box-text text-left dark\" >\n                 <p>\u00a1Gracias al equipo de Allergan por todo!<\/p>\n              <\/div>\n            <\/div>\n            <\/a>          <\/div>\n         <\/div><div class=\"gallery-col col grid-col grid-col-1-2 large-3 medium-6\" >\n          <div class=\"col-inner\">\n            <a class=\"\" href=\"https:\/\/dravillanueva.com\/medicina-estetica\/wp-content\/uploads\/md-codes-tour-dra-villanueva-11-1024x768.jpeg\" title=\"\u00a1El Dr. Mauricio de Maio tambi\u00e9n nos hizo trabajar!\">            <div class=\"box has-hover gallery-box box-overlay dark box-text-center\">\n              <div class=\"box-image\" >\n                <img loading=\"lazy\" decoding=\"async\" width=\"300\" height=\"225\" src=\"https:\/\/dravillanueva.com\/medicina-estetica\/wp-content\/uploads\/md-codes-tour-dra-villanueva-11-300x225.jpeg\" class=\"attachment-medium size-medium\" alt=\"md-codes-tour-dra-villanueva-11\" ids=\"13178,13182,13156,13155,13160,13159,13181,13180,13177,13176,13175,13174,13173,13172,13171,13170,13169,13168,13167,13166,13165,13164,13163,13162,13161,13158,13157,13154,13153,13188\" type=\"grid\" grid=\"3\" srcset=\"https:\/\/dravillanueva.com\/medicina-estetica\/wp-content\/uploads\/md-codes-tour-dra-villanueva-11-300x225.jpeg 300w, https:\/\/dravillanueva.com\/medicina-estetica\/wp-content\/uploads\/md-codes-tour-dra-villanueva-11-768x576.jpeg 768w, https:\/\/dravillanueva.com\/medicina-estetica\/wp-content\/uploads\/md-codes-tour-dra-villanueva-11.jpeg 1024w, https:\/\/dravillanueva.com\/medicina-estetica\/wp-content\/uploads\/md-codes-tour-dra-villanueva-11-600x450.jpeg 600w\" sizes=\"auto, (max-width: 300px) 100vw, 300px\" \/>                                  <div class=\"overlay fill\"\n                      style=\"background-color: rgba(0,0,0,.15)\">\n                  <\/div>\n                                                              <\/div>\n              <div class=\"box-text text-left dark\" >\n                 <p>\u00a1El Dr. Mauricio de Maio tambi\u00e9n nos hizo trabajar!<\/p>\n              <\/div>\n            <\/div>\n            <\/a>          <\/div>\n         <\/div><div class=\"gallery-col col grid-col grid-col-1-2 large-3 medium-6\" >\n          <div class=\"col-inner\">\n            <a class=\"\" href=\"https:\/\/dravillanueva.com\/medicina-estetica\/wp-content\/uploads\/md-codes-tour-dra-villanueva-7-1024x768.jpeg\" title=\"Con las Dras. Pinilla y L\u00e1zaro\">            <div class=\"box has-hover gallery-box box-overlay dark box-text-center\">\n              <div class=\"box-image\" >\n                <img loading=\"lazy\" decoding=\"async\" width=\"300\" height=\"225\" src=\"https:\/\/dravillanueva.com\/medicina-estetica\/wp-content\/uploads\/md-codes-tour-dra-villanueva-7-300x225.jpeg\" class=\"attachment-medium size-medium\" alt=\"md-codes-tour-dra-villanueva-7\" ids=\"13178,13182,13156,13155,13160,13159,13181,13180,13177,13176,13175,13174,13173,13172,13171,13170,13169,13168,13167,13166,13165,13164,13163,13162,13161,13158,13157,13154,13153,13188\" type=\"grid\" grid=\"3\" srcset=\"https:\/\/dravillanueva.com\/medicina-estetica\/wp-content\/uploads\/md-codes-tour-dra-villanueva-7-300x225.jpeg 300w, https:\/\/dravillanueva.com\/medicina-estetica\/wp-content\/uploads\/md-codes-tour-dra-villanueva-7-768x576.jpeg 768w, https:\/\/dravillanueva.com\/medicina-estetica\/wp-content\/uploads\/md-codes-tour-dra-villanueva-7.jpeg 1024w, https:\/\/dravillanueva.com\/medicina-estetica\/wp-content\/uploads\/md-codes-tour-dra-villanueva-7-600x450.jpeg 600w\" sizes=\"auto, (max-width: 300px) 100vw, 300px\" \/>                                  <div class=\"overlay fill\"\n                      style=\"background-color: rgba(0,0,0,.15)\">\n                  <\/div>\n                                                              <\/div>\n              <div class=\"box-text text-left dark\" >\n                 <p>Con las Dras. Pinilla y L\u00e1zaro<\/p>\n              <\/div>\n            <\/div>\n            <\/a>          <\/div>\n         <\/div><div class=\"gallery-col col grid-col grid-col-1-2 large-3 medium-6\" >\n          <div class=\"col-inner\">\n            <a class=\"\" href=\"https:\/\/dravillanueva.com\/medicina-estetica\/wp-content\/uploads\/md-codes-tour-dra-villanueva-6-1024x768.jpeg\" title=\"\u00a1Seguimos con la formaci\u00f3n con el Dr. Mauricio de Maio!\">            <div class=\"box has-hover gallery-box box-overlay dark box-text-center\">\n              <div class=\"box-image\" >\n                <img loading=\"lazy\" decoding=\"async\" width=\"300\" height=\"225\" src=\"https:\/\/dravillanueva.com\/medicina-estetica\/wp-content\/uploads\/md-codes-tour-dra-villanueva-6-300x225.jpeg\" class=\"attachment-medium size-medium\" alt=\"md-codes-tour-dra-villanueva-6\" ids=\"13178,13182,13156,13155,13160,13159,13181,13180,13177,13176,13175,13174,13173,13172,13171,13170,13169,13168,13167,13166,13165,13164,13163,13162,13161,13158,13157,13154,13153,13188\" type=\"grid\" grid=\"3\" srcset=\"https:\/\/dravillanueva.com\/medicina-estetica\/wp-content\/uploads\/md-codes-tour-dra-villanueva-6-300x225.jpeg 300w, https:\/\/dravillanueva.com\/medicina-estetica\/wp-content\/uploads\/md-codes-tour-dra-villanueva-6-768x576.jpeg 768w, https:\/\/dravillanueva.com\/medicina-estetica\/wp-content\/uploads\/md-codes-tour-dra-villanueva-6.jpeg 1024w, https:\/\/dravillanueva.com\/medicina-estetica\/wp-content\/uploads\/md-codes-tour-dra-villanueva-6-600x450.jpeg 600w\" sizes=\"auto, (max-width: 300px) 100vw, 300px\" \/>                                  <div class=\"overlay fill\"\n                      style=\"background-color: rgba(0,0,0,.15)\">\n                  <\/div>\n                                                              <\/div>\n              <div class=\"box-text text-left dark\" >\n                 <p>\u00a1Seguimos con la formaci\u00f3n con el Dr. Mauricio de Maio!<\/p>\n              <\/div>\n            <\/div>\n            <\/a>          <\/div>\n         <\/div><div class=\"gallery-col col grid-col grid-col-1-2 large-3 medium-6\" >\n          <div class=\"col-inner\">\n            <a class=\"\" href=\"https:\/\/dravillanueva.com\/medicina-estetica\/wp-content\/uploads\/md-codes-tour-dra-villanueva-3-768x1024.jpeg\" title=\"Acompa\u00f1ada de la Dra. Mar Mira y su equipo\">            <div class=\"box has-hover gallery-box box-overlay dark box-text-center\">\n              <div class=\"box-image\" >\n                <img loading=\"lazy\" decoding=\"async\" width=\"225\" height=\"300\" src=\"https:\/\/dravillanueva.com\/medicina-estetica\/wp-content\/uploads\/md-codes-tour-dra-villanueva-3-225x300.jpeg\" class=\"attachment-medium size-medium\" alt=\"md-codes-tour-dra-villanueva-3\" ids=\"13178,13182,13156,13155,13160,13159,13181,13180,13177,13176,13175,13174,13173,13172,13171,13170,13169,13168,13167,13166,13165,13164,13163,13162,13161,13158,13157,13154,13153,13188\" type=\"grid\" grid=\"3\" srcset=\"https:\/\/dravillanueva.com\/medicina-estetica\/wp-content\/uploads\/md-codes-tour-dra-villanueva-3-225x300.jpeg 225w, https:\/\/dravillanueva.com\/medicina-estetica\/wp-content\/uploads\/md-codes-tour-dra-villanueva-3.jpeg 768w, https:\/\/dravillanueva.com\/medicina-estetica\/wp-content\/uploads\/md-codes-tour-dra-villanueva-3-600x800.jpeg 600w\" sizes=\"auto, (max-width: 225px) 100vw, 225px\" \/>                                  <div class=\"overlay fill\"\n                      style=\"background-color: rgba(0,0,0,.15)\">\n                  <\/div>\n                                                              <\/div>\n              <div class=\"box-text text-left dark\" >\n                 <p>Acompa\u00f1ada de la Dra. Mar Mira y su equipo<\/p>\n              <\/div>\n            <\/div>\n            <\/a>          <\/div>\n         <\/div><div class=\"gallery-col col grid-col grid-col-1-2 large-3 medium-6\" >\n          <div class=\"col-inner\">\n            <a class=\"\" href=\"https:\/\/dravillanueva.com\/medicina-estetica\/wp-content\/uploads\/md-codes-tour-dra-villanueva-2-1024x768.jpeg\" title=\"Con las Dras. Mar\u00eda Encina S\u00e1nchez y Elena Jim\u00e9nez. - Barcelona\">            <div class=\"box has-hover gallery-box box-overlay dark box-text-center\">\n              <div class=\"box-image\" >\n                <img loading=\"lazy\" decoding=\"async\" width=\"300\" height=\"225\" src=\"https:\/\/dravillanueva.com\/medicina-estetica\/wp-content\/uploads\/md-codes-tour-dra-villanueva-2-300x225.jpeg\" class=\"attachment-medium size-medium\" alt=\"md-codes-tour-dra-villanueva-2\" ids=\"13178,13182,13156,13155,13160,13159,13181,13180,13177,13176,13175,13174,13173,13172,13171,13170,13169,13168,13167,13166,13165,13164,13163,13162,13161,13158,13157,13154,13153,13188\" type=\"grid\" grid=\"3\" srcset=\"https:\/\/dravillanueva.com\/medicina-estetica\/wp-content\/uploads\/md-codes-tour-dra-villanueva-2-300x225.jpeg 300w, https:\/\/dravillanueva.com\/medicina-estetica\/wp-content\/uploads\/md-codes-tour-dra-villanueva-2-768x576.jpeg 768w, https:\/\/dravillanueva.com\/medicina-estetica\/wp-content\/uploads\/md-codes-tour-dra-villanueva-2-1024x768.jpeg 1024w, https:\/\/dravillanueva.com\/medicina-estetica\/wp-content\/uploads\/md-codes-tour-dra-villanueva-2-600x450.jpeg 600w, https:\/\/dravillanueva.com\/medicina-estetica\/wp-content\/uploads\/md-codes-tour-dra-villanueva-2.jpeg 1600w\" sizes=\"auto, (max-width: 300px) 100vw, 300px\" \/>                                  <div class=\"overlay fill\"\n                      style=\"background-color: rgba(0,0,0,.15)\">\n                  <\/div>\n                                                              <\/div>\n              <div class=\"box-text text-left dark\" >\n                 <p>Con las Dras. Mar\u00eda Encina S\u00e1nchez y Elena Jim\u00e9nez. - Barcelona<\/p>\n              <\/div>\n            <\/div>\n            <\/a>          <\/div>\n         <\/div><div class=\"gallery-col col grid-col grid-col-1-2 large-3 medium-6\" >\n          <div class=\"col-inner\">\n            <a class=\"\" href=\"https:\/\/dravillanueva.com\/medicina-estetica\/wp-content\/uploads\/md-codes-tour-dra-villanueva-29-732x1024.jpeg\" title=\"MD Codes \">            <div class=\"box has-hover gallery-box box-overlay dark box-text-center\">\n              <div class=\"box-image\" >\n                <img loading=\"lazy\" decoding=\"async\" width=\"214\" height=\"300\" src=\"https:\/\/dravillanueva.com\/medicina-estetica\/wp-content\/uploads\/md-codes-tour-dra-villanueva-29-214x300.jpeg\" class=\"attachment-medium size-medium\" alt=\"md-codes-tour-dra-villanueva-29\" ids=\"13178,13182,13156,13155,13160,13159,13181,13180,13177,13176,13175,13174,13173,13172,13171,13170,13169,13168,13167,13166,13165,13164,13163,13162,13161,13158,13157,13154,13153,13188\" type=\"grid\" grid=\"3\" srcset=\"https:\/\/dravillanueva.com\/medicina-estetica\/wp-content\/uploads\/md-codes-tour-dra-villanueva-29-214x300.jpeg 214w, https:\/\/dravillanueva.com\/medicina-estetica\/wp-content\/uploads\/md-codes-tour-dra-villanueva-29.jpeg 732w, https:\/\/dravillanueva.com\/medicina-estetica\/wp-content\/uploads\/md-codes-tour-dra-villanueva-29-600x839.jpeg 600w\" sizes=\"auto, (max-width: 214px) 100vw, 214px\" \/>                                  <div class=\"overlay fill\"\n                      style=\"background-color: rgba(0,0,0,.15)\">\n                  <\/div>\n                                                              <\/div>\n              <div class=\"box-text text-left dark\" >\n                 <p>MD Codes <\/p>\n              <\/div>\n            <\/div>\n            <\/a>          <\/div>\n         <\/div><\/div>[\/vc_column_text][\/vc_column][\/vc_row]\n","protected":false},"excerpt":{"rendered":"<p>La cita anual con el cirujano pl\u00e1stico Mauricio de Maio, hace 5 a\u00f1os que cada a\u00f1o sigo el programa MD Codes del Dr. Mauricio de Maio.<\/p>\n","protected":false},"author":4,"featured_media":13152,"comment_status":"open","ping_status":"open","sticky":false,"template":"","format":"standard","meta":{"h5ap_radio_sources":[],"footnotes":""},"categories":[74],"tags":[116,236,235],"class_list":["post-13149","post","type-post","status-publish","format-standard","has-post-thumbnail","hentry","category-formacion","tag-allergan","tag-mauricio-de-maio","tag-md-codes-tour"],"yoast_head":"<!-- This site is optimized with the Yoast SEO plugin v27.5 - https:\/\/yoast.com\/product\/yoast-seo-wordpress\/ -->\n<title>MD Codes Tour - Dravillanueva.com<\/title>\n<meta name=\"description\" content=\"La cita anual con el cirujano pl\u00e1stico Mauricio de Maio, hace 5 a\u00f1os que cada a\u00f1o sigo el programa MD Codes del Dr. Mauricio de Maio.\" \/>\n<meta name=\"robots\" content=\"index, follow, max-snippet:-1, max-image-preview:large, max-video-preview:-1\" \/>\n<link rel=\"canonical\" href=\"https:\/\/dravillanueva.com\/medicina-estetica\/md-codes-tour\/\" \/>\n<meta property=\"og:locale\" content=\"es_ES\" \/>\n<meta property=\"og:type\" content=\"article\" \/>\n<meta property=\"og:title\" content=\"MD Codes Tour - Dravillanueva.com\" \/>\n<meta property=\"og:description\" content=\"La cita anual con el cirujano pl\u00e1stico Mauricio de Maio, hace 5 a\u00f1os que cada a\u00f1o sigo el programa MD Codes del Dr. Mauricio de Maio.\" \/>\n<meta property=\"og:url\" content=\"https:\/\/dravillanueva.com\/medicina-estetica\/md-codes-tour\/\" \/>\n<meta property=\"og:site_name\" content=\"Dravillanueva.com\" \/>\n<meta property=\"article:published_time\" content=\"2019-04-15T09:22:13+00:00\" \/>\n<meta property=\"article:modified_time\" content=\"2023-02-23T10:37:53+00:00\" \/>\n<meta property=\"og:image\" content=\"https:\/\/dravillanueva.com\/medicina-estetica\/wp-content\/uploads\/md-codes-tour-dra-villanueva-9.jpeg\" \/>\n\t<meta property=\"og:image:width\" content=\"768\" \/>\n\t<meta property=\"og:image:height\" content=\"548\" \/>\n\t<meta property=\"og:image:type\" content=\"image\/jpeg\" \/>\n<meta name=\"author\" content=\"DraVillanueva\" \/>\n<meta name=\"twitter:card\" content=\"summary_large_image\" \/>\n<meta name=\"twitter:label1\" content=\"Escrito por\" \/>\n\t<meta name=\"twitter:data1\" content=\"DraVillanueva\" \/>\n\t<meta name=\"twitter:label2\" content=\"Tiempo de lectura\" \/>\n\t<meta name=\"twitter:data2\" content=\"2 minutos\" \/>\n<script type=\"application\/ld+json\" class=\"yoast-schema-graph\">{\"@context\":\"https:\\\/\\\/schema.org\",\"@graph\":[{\"@type\":\"Article\",\"@id\":\"https:\\\/\\\/dravillanueva.com\\\/medicina-estetica\\\/md-codes-tour\\\/#article\",\"isPartOf\":{\"@id\":\"https:\\\/\\\/dravillanueva.com\\\/medicina-estetica\\\/md-codes-tour\\\/\"},\"author\":{\"name\":\"DraVillanueva\",\"@id\":\"https:\\\/\\\/dravillanueva.com\\\/medicina-estetica\\\/#\\\/schema\\\/person\\\/20e8812d42e5ab44742cc792ef5804f3\"},\"headline\":\"MD Codes Tour\",\"datePublished\":\"2019-04-15T09:22:13+00:00\",\"dateModified\":\"2023-02-23T10:37:53+00:00\",\"mainEntityOfPage\":{\"@id\":\"https:\\\/\\\/dravillanueva.com\\\/medicina-estetica\\\/md-codes-tour\\\/\"},\"wordCount\":450,\"commentCount\":0,\"image\":{\"@id\":\"https:\\\/\\\/dravillanueva.com\\\/medicina-estetica\\\/md-codes-tour\\\/#primaryimage\"},\"thumbnailUrl\":\"https:\\\/\\\/dravillanueva.com\\\/medicina-estetica\\\/wp-content\\\/uploads\\\/md-codes-tour-dra-villanueva-9.jpeg\",\"keywords\":[\"allergan\",\"Mauricio de Maio\",\"MD Codes Tour\"],\"articleSection\":[\"Formaci\u00f3n\"],\"inLanguage\":\"es\",\"potentialAction\":[{\"@type\":\"CommentAction\",\"name\":\"Comment\",\"target\":[\"https:\\\/\\\/dravillanueva.com\\\/medicina-estetica\\\/md-codes-tour\\\/#respond\"]}]},{\"@type\":\"WebPage\",\"@id\":\"https:\\\/\\\/dravillanueva.com\\\/medicina-estetica\\\/md-codes-tour\\\/\",\"url\":\"https:\\\/\\\/dravillanueva.com\\\/medicina-estetica\\\/md-codes-tour\\\/\",\"name\":\"MD Codes Tour - Dravillanueva.com\",\"isPartOf\":{\"@id\":\"https:\\\/\\\/dravillanueva.com\\\/medicina-estetica\\\/#website\"},\"primaryImageOfPage\":{\"@id\":\"https:\\\/\\\/dravillanueva.com\\\/medicina-estetica\\\/md-codes-tour\\\/#primaryimage\"},\"image\":{\"@id\":\"https:\\\/\\\/dravillanueva.com\\\/medicina-estetica\\\/md-codes-tour\\\/#primaryimage\"},\"thumbnailUrl\":\"https:\\\/\\\/dravillanueva.com\\\/medicina-estetica\\\/wp-content\\\/uploads\\\/md-codes-tour-dra-villanueva-9.jpeg\",\"datePublished\":\"2019-04-15T09:22:13+00:00\",\"dateModified\":\"2023-02-23T10:37:53+00:00\",\"author\":{\"@id\":\"https:\\\/\\\/dravillanueva.com\\\/medicina-estetica\\\/#\\\/schema\\\/person\\\/20e8812d42e5ab44742cc792ef5804f3\"},\"description\":\"La cita anual con el cirujano pl\u00e1stico Mauricio de Maio, hace 5 a\u00f1os que cada a\u00f1o sigo el programa MD Codes del Dr. Mauricio de Maio.\",\"breadcrumb\":{\"@id\":\"https:\\\/\\\/dravillanueva.com\\\/medicina-estetica\\\/md-codes-tour\\\/#breadcrumb\"},\"inLanguage\":\"es\",\"potentialAction\":[{\"@type\":\"ReadAction\",\"target\":[\"https:\\\/\\\/dravillanueva.com\\\/medicina-estetica\\\/md-codes-tour\\\/\"]}]},{\"@type\":\"ImageObject\",\"inLanguage\":\"es\",\"@id\":\"https:\\\/\\\/dravillanueva.com\\\/medicina-estetica\\\/md-codes-tour\\\/#primaryimage\",\"url\":\"https:\\\/\\\/dravillanueva.com\\\/medicina-estetica\\\/wp-content\\\/uploads\\\/md-codes-tour-dra-villanueva-9.jpeg\",\"contentUrl\":\"https:\\\/\\\/dravillanueva.com\\\/medicina-estetica\\\/wp-content\\\/uploads\\\/md-codes-tour-dra-villanueva-9.jpeg\",\"width\":768,\"height\":548,\"caption\":\"md-codes-tou\"},{\"@type\":\"BreadcrumbList\",\"@id\":\"https:\\\/\\\/dravillanueva.com\\\/medicina-estetica\\\/md-codes-tour\\\/#breadcrumb\",\"itemListElement\":[{\"@type\":\"ListItem\",\"position\":1,\"name\":\"Portada\",\"item\":\"https:\\\/\\\/dravillanueva.com\\\/medicina-estetica\\\/\"},{\"@type\":\"ListItem\",\"position\":2,\"name\":\"MD Codes Tour\"}]},{\"@type\":\"WebSite\",\"@id\":\"https:\\\/\\\/dravillanueva.com\\\/medicina-estetica\\\/#website\",\"url\":\"https:\\\/\\\/dravillanueva.com\\\/medicina-estetica\\\/\",\"name\":\"Dravillanueva.com\",\"description\":\"Especialista en Medicina Est\u00e9tica\",\"potentialAction\":[{\"@type\":\"SearchAction\",\"target\":{\"@type\":\"EntryPoint\",\"urlTemplate\":\"https:\\\/\\\/dravillanueva.com\\\/medicina-estetica\\\/?s={search_term_string}\"},\"query-input\":{\"@type\":\"PropertyValueSpecification\",\"valueRequired\":true,\"valueName\":\"search_term_string\"}}],\"inLanguage\":\"es\"},{\"@type\":\"Person\",\"@id\":\"https:\\\/\\\/dravillanueva.com\\\/medicina-estetica\\\/#\\\/schema\\\/person\\\/20e8812d42e5ab44742cc792ef5804f3\",\"name\":\"DraVillanueva\",\"image\":{\"@type\":\"ImageObject\",\"inLanguage\":\"es\",\"@id\":\"https:\\\/\\\/secure.gravatar.com\\\/avatar\\\/1554bf336e725006bdd1a783c2d2feb8b19e25103edad4c101832ad88c0297e3?s=96&d=mm&r=g\",\"url\":\"https:\\\/\\\/secure.gravatar.com\\\/avatar\\\/1554bf336e725006bdd1a783c2d2feb8b19e25103edad4c101832ad88c0297e3?s=96&d=mm&r=g\",\"contentUrl\":\"https:\\\/\\\/secure.gravatar.com\\\/avatar\\\/1554bf336e725006bdd1a783c2d2feb8b19e25103edad4c101832ad88c0297e3?s=96&d=mm&r=g\",\"caption\":\"DraVillanueva\"},\"url\":\"https:\\\/\\\/dravillanueva.com\\\/medicina-estetica\\\/author\\\/dravillanueva\\\/\"}]}<\/script>\n<!-- \/ Yoast SEO plugin. -->","yoast_head_json":{"title":"MD Codes Tour - Dravillanueva.com","description":"La cita anual con el cirujano pl\u00e1stico Mauricio de Maio, hace 5 a\u00f1os que cada a\u00f1o sigo el programa MD Codes del Dr. Mauricio de Maio.","robots":{"index":"index","follow":"follow","max-snippet":"max-snippet:-1","max-image-preview":"max-image-preview:large","max-video-preview":"max-video-preview:-1"},"canonical":"https:\/\/dravillanueva.com\/medicina-estetica\/md-codes-tour\/","og_locale":"es_ES","og_type":"article","og_title":"MD Codes Tour - Dravillanueva.com","og_description":"La cita anual con el cirujano pl\u00e1stico Mauricio de Maio, hace 5 a\u00f1os que cada a\u00f1o sigo el programa MD Codes del Dr. Mauricio de Maio.","og_url":"https:\/\/dravillanueva.com\/medicina-estetica\/md-codes-tour\/","og_site_name":"Dravillanueva.com","article_published_time":"2019-04-15T09:22:13+00:00","article_modified_time":"2023-02-23T10:37:53+00:00","og_image":[{"width":768,"height":548,"url":"https:\/\/dravillanueva.com\/medicina-estetica\/wp-content\/uploads\/md-codes-tour-dra-villanueva-9.jpeg","type":"image\/jpeg"}],"author":"DraVillanueva","twitter_card":"summary_large_image","twitter_misc":{"Escrito por":"DraVillanueva","Tiempo de lectura":"2 minutos"},"schema":{"@context":"https:\/\/schema.org","@graph":[{"@type":"Article","@id":"https:\/\/dravillanueva.com\/medicina-estetica\/md-codes-tour\/#article","isPartOf":{"@id":"https:\/\/dravillanueva.com\/medicina-estetica\/md-codes-tour\/"},"author":{"name":"DraVillanueva","@id":"https:\/\/dravillanueva.com\/medicina-estetica\/#\/schema\/person\/20e8812d42e5ab44742cc792ef5804f3"},"headline":"MD Codes Tour","datePublished":"2019-04-15T09:22:13+00:00","dateModified":"2023-02-23T10:37:53+00:00","mainEntityOfPage":{"@id":"https:\/\/dravillanueva.com\/medicina-estetica\/md-codes-tour\/"},"wordCount":450,"commentCount":0,"image":{"@id":"https:\/\/dravillanueva.com\/medicina-estetica\/md-codes-tour\/#primaryimage"},"thumbnailUrl":"https:\/\/dravillanueva.com\/medicina-estetica\/wp-content\/uploads\/md-codes-tour-dra-villanueva-9.jpeg","keywords":["allergan","Mauricio de Maio","MD Codes Tour"],"articleSection":["Formaci\u00f3n"],"inLanguage":"es","potentialAction":[{"@type":"CommentAction","name":"Comment","target":["https:\/\/dravillanueva.com\/medicina-estetica\/md-codes-tour\/#respond"]}]},{"@type":"WebPage","@id":"https:\/\/dravillanueva.com\/medicina-estetica\/md-codes-tour\/","url":"https:\/\/dravillanueva.com\/medicina-estetica\/md-codes-tour\/","name":"MD Codes Tour - Dravillanueva.com","isPartOf":{"@id":"https:\/\/dravillanueva.com\/medicina-estetica\/#website"},"primaryImageOfPage":{"@id":"https:\/\/dravillanueva.com\/medicina-estetica\/md-codes-tour\/#primaryimage"},"image":{"@id":"https:\/\/dravillanueva.com\/medicina-estetica\/md-codes-tour\/#primaryimage"},"thumbnailUrl":"https:\/\/dravillanueva.com\/medicina-estetica\/wp-content\/uploads\/md-codes-tour-dra-villanueva-9.jpeg","datePublished":"2019-04-15T09:22:13+00:00","dateModified":"2023-02-23T10:37:53+00:00","author":{"@id":"https:\/\/dravillanueva.com\/medicina-estetica\/#\/schema\/person\/20e8812d42e5ab44742cc792ef5804f3"},"description":"La cita anual con el cirujano pl\u00e1stico Mauricio de Maio, hace 5 a\u00f1os que cada a\u00f1o sigo el programa MD Codes del Dr. Mauricio de Maio.","breadcrumb":{"@id":"https:\/\/dravillanueva.com\/medicina-estetica\/md-codes-tour\/#breadcrumb"},"inLanguage":"es","potentialAction":[{"@type":"ReadAction","target":["https:\/\/dravillanueva.com\/medicina-estetica\/md-codes-tour\/"]}]},{"@type":"ImageObject","inLanguage":"es","@id":"https:\/\/dravillanueva.com\/medicina-estetica\/md-codes-tour\/#primaryimage","url":"https:\/\/dravillanueva.com\/medicina-estetica\/wp-content\/uploads\/md-codes-tour-dra-villanueva-9.jpeg","contentUrl":"https:\/\/dravillanueva.com\/medicina-estetica\/wp-content\/uploads\/md-codes-tour-dra-villanueva-9.jpeg","width":768,"height":548,"caption":"md-codes-tou"},{"@type":"BreadcrumbList","@id":"https:\/\/dravillanueva.com\/medicina-estetica\/md-codes-tour\/#breadcrumb","itemListElement":[{"@type":"ListItem","position":1,"name":"Portada","item":"https:\/\/dravillanueva.com\/medicina-estetica\/"},{"@type":"ListItem","position":2,"name":"MD Codes Tour"}]},{"@type":"WebSite","@id":"https:\/\/dravillanueva.com\/medicina-estetica\/#website","url":"https:\/\/dravillanueva.com\/medicina-estetica\/","name":"Dravillanueva.com","description":"Especialista en Medicina Est\u00e9tica","potentialAction":[{"@type":"SearchAction","target":{"@type":"EntryPoint","urlTemplate":"https:\/\/dravillanueva.com\/medicina-estetica\/?s={search_term_string}"},"query-input":{"@type":"PropertyValueSpecification","valueRequired":true,"valueName":"search_term_string"}}],"inLanguage":"es"},{"@type":"Person","@id":"https:\/\/dravillanueva.com\/medicina-estetica\/#\/schema\/person\/20e8812d42e5ab44742cc792ef5804f3","name":"DraVillanueva","image":{"@type":"ImageObject","inLanguage":"es","@id":"https:\/\/secure.gravatar.com\/avatar\/1554bf336e725006bdd1a783c2d2feb8b19e25103edad4c101832ad88c0297e3?s=96&d=mm&r=g","url":"https:\/\/secure.gravatar.com\/avatar\/1554bf336e725006bdd1a783c2d2feb8b19e25103edad4c101832ad88c0297e3?s=96&d=mm&r=g","contentUrl":"https:\/\/secure.gravatar.com\/avatar\/1554bf336e725006bdd1a783c2d2feb8b19e25103edad4c101832ad88c0297e3?s=96&d=mm&r=g","caption":"DraVillanueva"},"url":"https:\/\/dravillanueva.com\/medicina-estetica\/author\/dravillanueva\/"}]}},"amp_enabled":true,"_links":{"self":[{"href":"https:\/\/dravillanueva.com\/medicina-estetica\/wp-json\/wp\/v2\/posts\/13149","targetHints":{"allow":["GET"]}}],"collection":[{"href":"https:\/\/dravillanueva.com\/medicina-estetica\/wp-json\/wp\/v2\/posts"}],"about":[{"href":"https:\/\/dravillanueva.com\/medicina-estetica\/wp-json\/wp\/v2\/types\/post"}],"author":[{"embeddable":true,"href":"https:\/\/dravillanueva.com\/medicina-estetica\/wp-json\/wp\/v2\/users\/4"}],"replies":[{"embeddable":true,"href":"https:\/\/dravillanueva.com\/medicina-estetica\/wp-json\/wp\/v2\/comments?post=13149"}],"version-history":[{"count":11,"href":"https:\/\/dravillanueva.com\/medicina-estetica\/wp-json\/wp\/v2\/posts\/13149\/revisions"}],"predecessor-version":[{"id":15786,"href":"https:\/\/dravillanueva.com\/medicina-estetica\/wp-json\/wp\/v2\/posts\/13149\/revisions\/15786"}],"wp:featuredmedia":[{"embeddable":true,"href":"https:\/\/dravillanueva.com\/medicina-estetica\/wp-json\/wp\/v2\/media\/13152"}],"wp:attachment":[{"href":"https:\/\/dravillanueva.com\/medicina-estetica\/wp-json\/wp\/v2\/media?parent=13149"}],"wp:term":[{"taxonomy":"category","embeddable":true,"href":"https:\/\/dravillanueva.com\/medicina-estetica\/wp-json\/wp\/v2\/categories?post=13149"},{"taxonomy":"post_tag","embeddable":true,"href":"https:\/\/dravillanueva.com\/medicina-estetica\/wp-json\/wp\/v2\/tags?post=13149"}],"curies":[{"name":"wp","href":"https:\/\/api.w.org\/{rel}","templated":true}]}}