
{"id":11888,"date":"2017-05-02T00:01:10","date_gmt":"2017-05-01T22:01:10","guid":{"rendered":"http:\/\/dravillanueva.com\/medicina-estetica\/?p=11888"},"modified":"2020-01-15T15:01:33","modified_gmt":"2020-01-15T13:01:33","slug":"nuevo-tratamiento-biorevitalizacion-cutanea-juvederm-volite","status":"publish","type":"post","link":"https:\/\/dravillanueva.com\/medicina-estetica\/nuevo-tratamiento-biorevitalizacion-cutanea-juvederm-volite\/","title":{"rendered":"Nuevo tratamiento para biorevitalizaci\u00f3n cut\u00e1nea Juvederm\u00a0Volite"},"content":{"rendered":"[vc_row][vc_column][vc_column_text]Para explicaros la t\u00e9cnica y la importancia de la <strong>biorevitalizaci\u00f3n facial<\/strong>\u00a0 con \u00c1cido Hialur\u00f3nico, voy a explicaros un poco la estructura y composici\u00f3n de nuestra piel.<\/p>\n<h2>Capas de la Piel<\/h2>\n<p>Nuestra piel est\u00e1 formada por dos capas, la <strong>epidermis<\/strong> y la <strong>dermis<\/strong>, la epidermis no contiene vasos sangu\u00edneos, de manera que debe nutrirse desde la capa inferior, que es como hemos dicho, la dermis.<\/p>\n<h3>Epidermis<\/h3>\n<p>La <strong>epidermis<\/strong> contiene una capa de <strong>queratina<\/strong> que es una barrera, para los g\u00e9rmenes, el agua y la mayor\u00eda de sustancias, pero no todas, por eso no nos entra agua cuando nos ba\u00f1amos, aunque \u00a0hay algunos productos qu\u00edmicos que pueden absorberse a trav\u00e9s de la epidermis y llegar a los vasos sangu\u00edneos. La <strong>melanina<\/strong> que contiene tambi\u00e9n la epidermis nos protege de los rayos solares.<\/p>\n<p>La piel tiene otras muchas funciones, es muy importante para la regulaci\u00f3n de la temperatura corporal, mediante la sudoraci\u00f3n, la vitamina D se sintetiza tambi\u00e9n en la piel expuesta a la luz ultravioleta. La piel contiene multitud de terminaciones nerviosas que captan est\u00edmulos diferentes, como el tacto, la presi\u00f3n, el dolor, el calor y el fr\u00edo, por lo que la piel es de gran importancia en la adaptaci\u00f3n al medio y en las relaciones con los dem\u00e1s.<\/p>\n<h3>Dermis<\/h3>\n<p>La<strong> dermis o capa mas profunda de la piel<\/strong> esta formada por dos capas, una fina de tejido conectivo, que se denomina capa papilar y una mas profunda o capa reticular, se llama as\u00ed porque la forman fibras de col\u00e1geno que se entrecruzan entre si formando una red que da soporte a la epidermis, existen tambi\u00e9n en la dermis, fibras el\u00e1sticas o elastina que son producidas por los fibroblastos.<\/p>\n<p>As\u00ed el <strong>tejido conectivo<\/strong> que constituye la dermis est\u00e1 formado por c\u00e9lulas principalmente fibroblastos, fibras de col\u00e1geno y elastina y una sustancia fundamental que lo soporta todo que esta formada por <strong>\u00e1cido hialur\u00f3nico<\/strong>.<\/p>\n<p>&nbsp;<\/p>\n<blockquote>\n<h3 style=\"text-align: center;\">Cuando envejecemos se reduce la producci\u00f3n de todas estas sustancias.<\/h3>\n<\/blockquote>\n<p>&nbsp;<\/p>\n[\/vc_column_text][\/vc_column][\/vc_row][vc_row][vc_column width=\u00bb1\/6&#8243;][\/vc_column][vc_column width=\u00bb2\/3&#8243;][vc_single_image image=\u00bb11911&#8243; img_size=\u00bbfull\u00bb][\/vc_column][vc_column width=\u00bb1\/6&#8243;][\/vc_column][\/vc_row][vc_row][vc_column][vc_column_text]Para estimular a los fibroblastos a producir nuevas fibras de col\u00e1geno, elastina y mayor cantidad de acido hialur\u00f3nico, disponemos de diversas sustancias que pueden atravesar la barrera de la piel como por ejemplo la vitamina C o el acido glic\u00f3lico o la vitamina A y estas sustancias podemos administrarlas en forma de cremas, pero hay otras sustancias, que nunca podr\u00e1n penetrar si no las ayudamos mediante peque\u00f1os pinchacitos para su introducci\u00f3n y en eso consiste la biorrevitalizaci\u00f3n. Al introducir estas sustancias en la dermis la eficacia es mucho mayor.<\/p>\n[\/vc_column_text][\/vc_column][\/vc_row][vc_row][vc_column width=\u00bb2\/3&#8243;][vc_column_text]\n<h2>Estimula tu piel con Juvederm Volite<\/h2>\n<p>Desde Noviembre disponemos en nuestra consulta de un nuevo producto de los laboratorios <strong>Allergan<\/strong>, de \u00c1cido Hialur\u00f3nico reticulado de la gama Vycros,\u00a0 Juvederm <strong>Volite<\/strong>, que produce una estimulaci\u00f3n de la producci\u00f3n de todas las sustancias que hemos comentado antes, dando a nuestra piel un extra de hidrataci\u00f3n y salud ,que se traduce en una mejora real del aspecto de la piel y que perdura alrededor de los seis meses, mejora el aspecto de piel apagada, arrugas finas y poros ,en general produce un aspecto de piel cuidada y saludable. Calidad de piel.<\/p>\n[\/vc_column_text][\/vc_column][vc_column width=\u00bb1\/3&#8243;][vc_single_image image=\u00bb11915&#8243; img_size=\u00bbfull\u00bb][\/vc_column][\/vc_row][vc_row][vc_column][vc_column_text]\n<h2><\/h2>\n<blockquote>\n<h3 style=\"text-align: center;\">El aporte de acido hialur\u00f3nico a nuestra piel produce un entorno celular mas sano que previene y mejora los signos de envejecimiento.<\/h3>\n<\/blockquote>\n<p>&nbsp;<\/p>\n<p>El tratamiento se realiza en consulta con una aguja diminuta y no duele porque lleva una peque\u00f1\u00edsima cantidad de anest\u00e9sico local.<\/p>\n<p><strong>Una piel cuidada realza siempre el resultado de cualquier otro tratamiento y nos hace parecer mas j\u00f3venes y sanos.<\/strong>[\/vc_column_text][\/vc_column][\/vc_row][vc_row][vc_column][vc_empty_space][vc_separator border_width=\u00bb3&#8243;][vc_empty_space][\/vc_column][\/vc_row][vc_row][vc_column][vc_column_text]\n<h3 style=\"text-align: center;\"><a href=\"http:\/\/dravillanueva.com\/medicina-estetica\/contactar\/\">Si deseas pedir cita ll\u00e1manos al +34 933 622 565 o d\u00e9janos tus datos y nos pondremos en contacto contigo lo antes posible<\/a><\/h3>\n[\/vc_column_text][\/vc_column][\/vc_row]\n","protected":false},"excerpt":{"rendered":"<p>Para explicaros la t\u00e9cnica y la importancia de la biorevitalizaci\u00f3n facial  con \u00c1cido Hialur\u00f3nico, voy a explicaros un poco la estructura y composici\u00f3n de nuestra piel.<\/p>\n","protected":false},"author":4,"featured_media":11920,"comment_status":"open","ping_status":"open","sticky":false,"template":"","format":"standard","meta":{"h5ap_radio_sources":[],"footnotes":""},"categories":[76],"tags":[66,126,145],"class_list":["post-11888","post","type-post","status-publish","format-standard","has-post-thumbnail","hentry","category-blog","tag-acido-hialuronico","tag-biorevitalizador-facial","tag-volite"],"yoast_head":"<!-- This site is optimized with the Yoast SEO plugin v27.5 - https:\/\/yoast.com\/product\/yoast-seo-wordpress\/ -->\n<title>Nuevo tratamiento para biorevitalizaci\u00f3n cut\u00e1nea Juvederm\u00a0Volite - Dravillanueva.com<\/title>\n<meta name=\"description\" content=\"Para explicaros la t\u00e9cnica y la importancia de la biorevitalizaci\u00f3n facial con Juvederm Volite, voy a explicaros un poco la estructura de nuestra piel.\" \/>\n<meta name=\"robots\" content=\"index, follow, max-snippet:-1, max-image-preview:large, max-video-preview:-1\" \/>\n<link rel=\"canonical\" href=\"https:\/\/dravillanueva.com\/medicina-estetica\/nuevo-tratamiento-biorevitalizacion-cutanea-juvederm-volite\/\" \/>\n<meta property=\"og:locale\" content=\"es_ES\" \/>\n<meta property=\"og:type\" content=\"article\" \/>\n<meta property=\"og:title\" content=\"Nuevo tratamiento para biorevitalizaci\u00f3n cut\u00e1nea Juvederm\u00a0Volite - Dravillanueva.com\" \/>\n<meta property=\"og:description\" content=\"Para explicaros la t\u00e9cnica y la importancia de la biorevitalizaci\u00f3n facial con Juvederm Volite, voy a explicaros un poco la estructura de nuestra piel.\" \/>\n<meta property=\"og:url\" content=\"https:\/\/dravillanueva.com\/medicina-estetica\/nuevo-tratamiento-biorevitalizacion-cutanea-juvederm-volite\/\" \/>\n<meta property=\"og:site_name\" content=\"Dravillanueva.com\" \/>\n<meta property=\"article:published_time\" content=\"2017-05-01T22:01:10+00:00\" \/>\n<meta property=\"article:modified_time\" content=\"2020-01-15T13:01:33+00:00\" \/>\n<meta property=\"og:image\" content=\"https:\/\/dravillanueva.com\/medicina-estetica\/wp-content\/uploads\/nuevo-tratamiento-para-biorevitalizacion-cutanea-juvederm-volite-.jpg\" \/>\n\t<meta property=\"og:image:width\" content=\"1000\" \/>\n\t<meta property=\"og:image:height\" content=\"667\" \/>\n\t<meta property=\"og:image:type\" content=\"image\/jpeg\" \/>\n<meta name=\"author\" content=\"DraVillanueva\" \/>\n<meta name=\"twitter:card\" content=\"summary_large_image\" \/>\n<meta name=\"twitter:label1\" content=\"Escrito por\" \/>\n\t<meta name=\"twitter:data1\" content=\"DraVillanueva\" \/>\n\t<meta name=\"twitter:label2\" content=\"Tiempo de lectura\" \/>\n\t<meta name=\"twitter:data2\" content=\"4 minutos\" \/>\n<script type=\"application\/ld+json\" class=\"yoast-schema-graph\">{\"@context\":\"https:\\\/\\\/schema.org\",\"@graph\":[{\"@type\":\"Article\",\"@id\":\"https:\\\/\\\/dravillanueva.com\\\/medicina-estetica\\\/nuevo-tratamiento-biorevitalizacion-cutanea-juvederm-volite\\\/#article\",\"isPartOf\":{\"@id\":\"https:\\\/\\\/dravillanueva.com\\\/medicina-estetica\\\/nuevo-tratamiento-biorevitalizacion-cutanea-juvederm-volite\\\/\"},\"author\":{\"name\":\"DraVillanueva\",\"@id\":\"https:\\\/\\\/dravillanueva.com\\\/medicina-estetica\\\/#\\\/schema\\\/person\\\/20e8812d42e5ab44742cc792ef5804f3\"},\"headline\":\"Nuevo tratamiento para biorevitalizaci\u00f3n cut\u00e1nea Juvederm\u00a0Volite\",\"datePublished\":\"2017-05-01T22:01:10+00:00\",\"dateModified\":\"2020-01-15T13:01:33+00:00\",\"mainEntityOfPage\":{\"@id\":\"https:\\\/\\\/dravillanueva.com\\\/medicina-estetica\\\/nuevo-tratamiento-biorevitalizacion-cutanea-juvederm-volite\\\/\"},\"wordCount\":771,\"commentCount\":0,\"image\":{\"@id\":\"https:\\\/\\\/dravillanueva.com\\\/medicina-estetica\\\/nuevo-tratamiento-biorevitalizacion-cutanea-juvederm-volite\\\/#primaryimage\"},\"thumbnailUrl\":\"https:\\\/\\\/dravillanueva.com\\\/medicina-estetica\\\/wp-content\\\/uploads\\\/nuevo-tratamiento-para-biorevitalizacion-cutanea-juvederm-volite-.jpg\",\"keywords\":[\"\u00e1cido hialur\u00f3nico\",\"Biorevitalizador facial\",\"Volite\"],\"articleSection\":[\"Blog\"],\"inLanguage\":\"es\",\"potentialAction\":[{\"@type\":\"CommentAction\",\"name\":\"Comment\",\"target\":[\"https:\\\/\\\/dravillanueva.com\\\/medicina-estetica\\\/nuevo-tratamiento-biorevitalizacion-cutanea-juvederm-volite\\\/#respond\"]}]},{\"@type\":\"WebPage\",\"@id\":\"https:\\\/\\\/dravillanueva.com\\\/medicina-estetica\\\/nuevo-tratamiento-biorevitalizacion-cutanea-juvederm-volite\\\/\",\"url\":\"https:\\\/\\\/dravillanueva.com\\\/medicina-estetica\\\/nuevo-tratamiento-biorevitalizacion-cutanea-juvederm-volite\\\/\",\"name\":\"Nuevo tratamiento para biorevitalizaci\u00f3n cut\u00e1nea Juvederm\u00a0Volite - Dravillanueva.com\",\"isPartOf\":{\"@id\":\"https:\\\/\\\/dravillanueva.com\\\/medicina-estetica\\\/#website\"},\"primaryImageOfPage\":{\"@id\":\"https:\\\/\\\/dravillanueva.com\\\/medicina-estetica\\\/nuevo-tratamiento-biorevitalizacion-cutanea-juvederm-volite\\\/#primaryimage\"},\"image\":{\"@id\":\"https:\\\/\\\/dravillanueva.com\\\/medicina-estetica\\\/nuevo-tratamiento-biorevitalizacion-cutanea-juvederm-volite\\\/#primaryimage\"},\"thumbnailUrl\":\"https:\\\/\\\/dravillanueva.com\\\/medicina-estetica\\\/wp-content\\\/uploads\\\/nuevo-tratamiento-para-biorevitalizacion-cutanea-juvederm-volite-.jpg\",\"datePublished\":\"2017-05-01T22:01:10+00:00\",\"dateModified\":\"2020-01-15T13:01:33+00:00\",\"author\":{\"@id\":\"https:\\\/\\\/dravillanueva.com\\\/medicina-estetica\\\/#\\\/schema\\\/person\\\/20e8812d42e5ab44742cc792ef5804f3\"},\"description\":\"Para explicaros la t\u00e9cnica y la importancia de la biorevitalizaci\u00f3n facial con Juvederm Volite, voy a explicaros un poco la estructura de nuestra piel.\",\"breadcrumb\":{\"@id\":\"https:\\\/\\\/dravillanueva.com\\\/medicina-estetica\\\/nuevo-tratamiento-biorevitalizacion-cutanea-juvederm-volite\\\/#breadcrumb\"},\"inLanguage\":\"es\",\"potentialAction\":[{\"@type\":\"ReadAction\",\"target\":[\"https:\\\/\\\/dravillanueva.com\\\/medicina-estetica\\\/nuevo-tratamiento-biorevitalizacion-cutanea-juvederm-volite\\\/\"]}]},{\"@type\":\"ImageObject\",\"inLanguage\":\"es\",\"@id\":\"https:\\\/\\\/dravillanueva.com\\\/medicina-estetica\\\/nuevo-tratamiento-biorevitalizacion-cutanea-juvederm-volite\\\/#primaryimage\",\"url\":\"https:\\\/\\\/dravillanueva.com\\\/medicina-estetica\\\/wp-content\\\/uploads\\\/nuevo-tratamiento-para-biorevitalizacion-cutanea-juvederm-volite-.jpg\",\"contentUrl\":\"https:\\\/\\\/dravillanueva.com\\\/medicina-estetica\\\/wp-content\\\/uploads\\\/nuevo-tratamiento-para-biorevitalizacion-cutanea-juvederm-volite-.jpg\",\"width\":\"1000\",\"height\":\"667\",\"caption\":\"nuevo-tratamiento-para-biorevitalizacion-cutanea-juvederm-volite-\"},{\"@type\":\"BreadcrumbList\",\"@id\":\"https:\\\/\\\/dravillanueva.com\\\/medicina-estetica\\\/nuevo-tratamiento-biorevitalizacion-cutanea-juvederm-volite\\\/#breadcrumb\",\"itemListElement\":[{\"@type\":\"ListItem\",\"position\":1,\"name\":\"Portada\",\"item\":\"https:\\\/\\\/dravillanueva.com\\\/medicina-estetica\\\/\"},{\"@type\":\"ListItem\",\"position\":2,\"name\":\"Nuevo tratamiento para biorevitalizaci\u00f3n cut\u00e1nea Juvederm\u00a0Volite\"}]},{\"@type\":\"WebSite\",\"@id\":\"https:\\\/\\\/dravillanueva.com\\\/medicina-estetica\\\/#website\",\"url\":\"https:\\\/\\\/dravillanueva.com\\\/medicina-estetica\\\/\",\"name\":\"Dravillanueva.com\",\"description\":\"Especialista en Medicina Est\u00e9tica\",\"potentialAction\":[{\"@type\":\"SearchAction\",\"target\":{\"@type\":\"EntryPoint\",\"urlTemplate\":\"https:\\\/\\\/dravillanueva.com\\\/medicina-estetica\\\/?s={search_term_string}\"},\"query-input\":{\"@type\":\"PropertyValueSpecification\",\"valueRequired\":true,\"valueName\":\"search_term_string\"}}],\"inLanguage\":\"es\"},{\"@type\":\"Person\",\"@id\":\"https:\\\/\\\/dravillanueva.com\\\/medicina-estetica\\\/#\\\/schema\\\/person\\\/20e8812d42e5ab44742cc792ef5804f3\",\"name\":\"DraVillanueva\",\"image\":{\"@type\":\"ImageObject\",\"inLanguage\":\"es\",\"@id\":\"https:\\\/\\\/secure.gravatar.com\\\/avatar\\\/1554bf336e725006bdd1a783c2d2feb8b19e25103edad4c101832ad88c0297e3?s=96&d=mm&r=g\",\"url\":\"https:\\\/\\\/secure.gravatar.com\\\/avatar\\\/1554bf336e725006bdd1a783c2d2feb8b19e25103edad4c101832ad88c0297e3?s=96&d=mm&r=g\",\"contentUrl\":\"https:\\\/\\\/secure.gravatar.com\\\/avatar\\\/1554bf336e725006bdd1a783c2d2feb8b19e25103edad4c101832ad88c0297e3?s=96&d=mm&r=g\",\"caption\":\"DraVillanueva\"},\"url\":\"https:\\\/\\\/dravillanueva.com\\\/medicina-estetica\\\/author\\\/dravillanueva\\\/\"}]}<\/script>\n<!-- \/ Yoast SEO plugin. -->","yoast_head_json":{"title":"Nuevo tratamiento para biorevitalizaci\u00f3n cut\u00e1nea Juvederm\u00a0Volite - Dravillanueva.com","description":"Para explicaros la t\u00e9cnica y la importancia de la biorevitalizaci\u00f3n facial con Juvederm Volite, voy a explicaros un poco la estructura de nuestra piel.","robots":{"index":"index","follow":"follow","max-snippet":"max-snippet:-1","max-image-preview":"max-image-preview:large","max-video-preview":"max-video-preview:-1"},"canonical":"https:\/\/dravillanueva.com\/medicina-estetica\/nuevo-tratamiento-biorevitalizacion-cutanea-juvederm-volite\/","og_locale":"es_ES","og_type":"article","og_title":"Nuevo tratamiento para biorevitalizaci\u00f3n cut\u00e1nea Juvederm\u00a0Volite - Dravillanueva.com","og_description":"Para explicaros la t\u00e9cnica y la importancia de la biorevitalizaci\u00f3n facial con Juvederm Volite, voy a explicaros un poco la estructura de nuestra piel.","og_url":"https:\/\/dravillanueva.com\/medicina-estetica\/nuevo-tratamiento-biorevitalizacion-cutanea-juvederm-volite\/","og_site_name":"Dravillanueva.com","article_published_time":"2017-05-01T22:01:10+00:00","article_modified_time":"2020-01-15T13:01:33+00:00","og_image":[{"width":1000,"height":667,"url":"https:\/\/dravillanueva.com\/medicina-estetica\/wp-content\/uploads\/nuevo-tratamiento-para-biorevitalizacion-cutanea-juvederm-volite-.jpg","type":"image\/jpeg"}],"author":"DraVillanueva","twitter_card":"summary_large_image","twitter_misc":{"Escrito por":"DraVillanueva","Tiempo de lectura":"4 minutos"},"schema":{"@context":"https:\/\/schema.org","@graph":[{"@type":"Article","@id":"https:\/\/dravillanueva.com\/medicina-estetica\/nuevo-tratamiento-biorevitalizacion-cutanea-juvederm-volite\/#article","isPartOf":{"@id":"https:\/\/dravillanueva.com\/medicina-estetica\/nuevo-tratamiento-biorevitalizacion-cutanea-juvederm-volite\/"},"author":{"name":"DraVillanueva","@id":"https:\/\/dravillanueva.com\/medicina-estetica\/#\/schema\/person\/20e8812d42e5ab44742cc792ef5804f3"},"headline":"Nuevo tratamiento para biorevitalizaci\u00f3n cut\u00e1nea Juvederm\u00a0Volite","datePublished":"2017-05-01T22:01:10+00:00","dateModified":"2020-01-15T13:01:33+00:00","mainEntityOfPage":{"@id":"https:\/\/dravillanueva.com\/medicina-estetica\/nuevo-tratamiento-biorevitalizacion-cutanea-juvederm-volite\/"},"wordCount":771,"commentCount":0,"image":{"@id":"https:\/\/dravillanueva.com\/medicina-estetica\/nuevo-tratamiento-biorevitalizacion-cutanea-juvederm-volite\/#primaryimage"},"thumbnailUrl":"https:\/\/dravillanueva.com\/medicina-estetica\/wp-content\/uploads\/nuevo-tratamiento-para-biorevitalizacion-cutanea-juvederm-volite-.jpg","keywords":["\u00e1cido hialur\u00f3nico","Biorevitalizador facial","Volite"],"articleSection":["Blog"],"inLanguage":"es","potentialAction":[{"@type":"CommentAction","name":"Comment","target":["https:\/\/dravillanueva.com\/medicina-estetica\/nuevo-tratamiento-biorevitalizacion-cutanea-juvederm-volite\/#respond"]}]},{"@type":"WebPage","@id":"https:\/\/dravillanueva.com\/medicina-estetica\/nuevo-tratamiento-biorevitalizacion-cutanea-juvederm-volite\/","url":"https:\/\/dravillanueva.com\/medicina-estetica\/nuevo-tratamiento-biorevitalizacion-cutanea-juvederm-volite\/","name":"Nuevo tratamiento para biorevitalizaci\u00f3n cut\u00e1nea Juvederm\u00a0Volite - Dravillanueva.com","isPartOf":{"@id":"https:\/\/dravillanueva.com\/medicina-estetica\/#website"},"primaryImageOfPage":{"@id":"https:\/\/dravillanueva.com\/medicina-estetica\/nuevo-tratamiento-biorevitalizacion-cutanea-juvederm-volite\/#primaryimage"},"image":{"@id":"https:\/\/dravillanueva.com\/medicina-estetica\/nuevo-tratamiento-biorevitalizacion-cutanea-juvederm-volite\/#primaryimage"},"thumbnailUrl":"https:\/\/dravillanueva.com\/medicina-estetica\/wp-content\/uploads\/nuevo-tratamiento-para-biorevitalizacion-cutanea-juvederm-volite-.jpg","datePublished":"2017-05-01T22:01:10+00:00","dateModified":"2020-01-15T13:01:33+00:00","author":{"@id":"https:\/\/dravillanueva.com\/medicina-estetica\/#\/schema\/person\/20e8812d42e5ab44742cc792ef5804f3"},"description":"Para explicaros la t\u00e9cnica y la importancia de la biorevitalizaci\u00f3n facial con Juvederm Volite, voy a explicaros un poco la estructura de nuestra piel.","breadcrumb":{"@id":"https:\/\/dravillanueva.com\/medicina-estetica\/nuevo-tratamiento-biorevitalizacion-cutanea-juvederm-volite\/#breadcrumb"},"inLanguage":"es","potentialAction":[{"@type":"ReadAction","target":["https:\/\/dravillanueva.com\/medicina-estetica\/nuevo-tratamiento-biorevitalizacion-cutanea-juvederm-volite\/"]}]},{"@type":"ImageObject","inLanguage":"es","@id":"https:\/\/dravillanueva.com\/medicina-estetica\/nuevo-tratamiento-biorevitalizacion-cutanea-juvederm-volite\/#primaryimage","url":"https:\/\/dravillanueva.com\/medicina-estetica\/wp-content\/uploads\/nuevo-tratamiento-para-biorevitalizacion-cutanea-juvederm-volite-.jpg","contentUrl":"https:\/\/dravillanueva.com\/medicina-estetica\/wp-content\/uploads\/nuevo-tratamiento-para-biorevitalizacion-cutanea-juvederm-volite-.jpg","width":"1000","height":"667","caption":"nuevo-tratamiento-para-biorevitalizacion-cutanea-juvederm-volite-"},{"@type":"BreadcrumbList","@id":"https:\/\/dravillanueva.com\/medicina-estetica\/nuevo-tratamiento-biorevitalizacion-cutanea-juvederm-volite\/#breadcrumb","itemListElement":[{"@type":"ListItem","position":1,"name":"Portada","item":"https:\/\/dravillanueva.com\/medicina-estetica\/"},{"@type":"ListItem","position":2,"name":"Nuevo tratamiento para biorevitalizaci\u00f3n cut\u00e1nea Juvederm\u00a0Volite"}]},{"@type":"WebSite","@id":"https:\/\/dravillanueva.com\/medicina-estetica\/#website","url":"https:\/\/dravillanueva.com\/medicina-estetica\/","name":"Dravillanueva.com","description":"Especialista en Medicina Est\u00e9tica","potentialAction":[{"@type":"SearchAction","target":{"@type":"EntryPoint","urlTemplate":"https:\/\/dravillanueva.com\/medicina-estetica\/?s={search_term_string}"},"query-input":{"@type":"PropertyValueSpecification","valueRequired":true,"valueName":"search_term_string"}}],"inLanguage":"es"},{"@type":"Person","@id":"https:\/\/dravillanueva.com\/medicina-estetica\/#\/schema\/person\/20e8812d42e5ab44742cc792ef5804f3","name":"DraVillanueva","image":{"@type":"ImageObject","inLanguage":"es","@id":"https:\/\/secure.gravatar.com\/avatar\/1554bf336e725006bdd1a783c2d2feb8b19e25103edad4c101832ad88c0297e3?s=96&d=mm&r=g","url":"https:\/\/secure.gravatar.com\/avatar\/1554bf336e725006bdd1a783c2d2feb8b19e25103edad4c101832ad88c0297e3?s=96&d=mm&r=g","contentUrl":"https:\/\/secure.gravatar.com\/avatar\/1554bf336e725006bdd1a783c2d2feb8b19e25103edad4c101832ad88c0297e3?s=96&d=mm&r=g","caption":"DraVillanueva"},"url":"https:\/\/dravillanueva.com\/medicina-estetica\/author\/dravillanueva\/"}]}},"amp_enabled":true,"_links":{"self":[{"href":"https:\/\/dravillanueva.com\/medicina-estetica\/wp-json\/wp\/v2\/posts\/11888","targetHints":{"allow":["GET"]}}],"collection":[{"href":"https:\/\/dravillanueva.com\/medicina-estetica\/wp-json\/wp\/v2\/posts"}],"about":[{"href":"https:\/\/dravillanueva.com\/medicina-estetica\/wp-json\/wp\/v2\/types\/post"}],"author":[{"embeddable":true,"href":"https:\/\/dravillanueva.com\/medicina-estetica\/wp-json\/wp\/v2\/users\/4"}],"replies":[{"embeddable":true,"href":"https:\/\/dravillanueva.com\/medicina-estetica\/wp-json\/wp\/v2\/comments?post=11888"}],"version-history":[{"count":2,"href":"https:\/\/dravillanueva.com\/medicina-estetica\/wp-json\/wp\/v2\/posts\/11888\/revisions"}],"predecessor-version":[{"id":14193,"href":"https:\/\/dravillanueva.com\/medicina-estetica\/wp-json\/wp\/v2\/posts\/11888\/revisions\/14193"}],"wp:featuredmedia":[{"embeddable":true,"href":"https:\/\/dravillanueva.com\/medicina-estetica\/wp-json\/wp\/v2\/media\/11920"}],"wp:attachment":[{"href":"https:\/\/dravillanueva.com\/medicina-estetica\/wp-json\/wp\/v2\/media?parent=11888"}],"wp:term":[{"taxonomy":"category","embeddable":true,"href":"https:\/\/dravillanueva.com\/medicina-estetica\/wp-json\/wp\/v2\/categories?post=11888"},{"taxonomy":"post_tag","embeddable":true,"href":"https:\/\/dravillanueva.com\/medicina-estetica\/wp-json\/wp\/v2\/tags?post=11888"}],"curies":[{"name":"wp","href":"https:\/\/api.w.org\/{rel}","templated":true}]}}